{"id":8550,"date":"2023-09-13T16:16:50","date_gmt":"2023-09-13T19:16:50","guid":{"rendered":"https:\/\/unisonoticias.uniso.br\/?p=8550"},"modified":"2023-12-27T08:15:53","modified_gmt":"2023-12-27T11:15:53","slug":"comunicacao-ultimos-dias-de-inscricao","status":"publish","type":"post","link":"https:\/\/unisonoticias.uniso.br\/index.php\/2023\/09\/13\/comunicacao-ultimos-dias-de-inscricao\/","title":{"rendered":"Encontro de Comunica\u00e7\u00e3o: \u00faltimos dias de inscri\u00e7\u00e3o"},"content":{"rendered":"\n<p>O XVII Encontro de Pesquisadores em Comunica\u00e7\u00e3o e Cultura da Uniso \u2013 EPECOM 2023 est\u00e1 recebendo inscri\u00e7\u00e3o de ouvintes at\u00e9 18 de setembro. Com o tema \u201cM\u00eddia e Diversidade\u201d, o evento acontecer\u00e1 nos dias 25 e 26 de setembro, no formato online. A realiza\u00e7\u00e3o \u00e9 do Programa de P\u00f3s-Gradua\u00e7\u00e3o em Comunica\u00e7\u00e3o e Cultura&nbsp;da Uniso.<br>Os participantes poder\u00e3o conferir tr\u00eas palestras que ser\u00e3o ministradas por convidados de universidades de Bras\u00edlia, Rio de Janeiro e Portugal. Haver\u00e1 tamb\u00e9m apresenta\u00e7\u00e3o de trabalhos desenvolvidos desde a Gradua\u00e7\u00e3o at\u00e9 o Doutorado.<br>Realizado anualmente, em \u00e2mbito nacional, e a cada dois anos, em \u00e2mbito internacional, o EPECOM re\u00fane pesquisadores interessados em refletir sobre quest\u00f5es comunicacionais e culturais.<\/p>\n\n\n\n<p>Informa\u00e7\u00f5es e inscri\u00e7\u00f5es:&nbsp;<a href=\"https:\/\/uniso.br\/evento\/epecom-2023\" target=\"_blank\" rel=\"noreferrer noopener\">https:\/\/uniso.br\/evento\/epecom-2023<\/a><\/p>\n","protected":false},"excerpt":{"rendered":"<p>O XVII Encontro de Pesquisadores em Comunica\u00e7\u00e3o e Cultura da Uniso \u2013 EPECOM 2023 est\u00e1 recebendo inscri\u00e7\u00e3o de ouvintes at\u00e9<\/p>\n","protected":false},"author":4,"featured_media":0,"comment_status":"closed","ping_status":"closed","sticky":false,"template":"","format":"standard","meta":{"colormag_page_container_layout":"default_layout","colormag_page_sidebar_layout":"default_layout","footnotes":""},"categories":[40,41],"tags":[],"class_list":["post-8550","post","type-post","status-publish","format-standard","hentry","category-ultimas-noticias","category-vida-universitaria"],"_links":{"self":[{"href":"https:\/\/unisonoticias.uniso.br\/index.php\/wp-json\/wp\/v2\/posts\/8550","targetHints":{"allow":["GET"]}}],"collection":[{"href":"https:\/\/unisonoticias.uniso.br\/index.php\/wp-json\/wp\/v2\/posts"}],"about":[{"href":"https:\/\/unisonoticias.uniso.br\/index.php\/wp-json\/wp\/v2\/types\/post"}],"author":[{"embeddable":true,"href":"https:\/\/unisonoticias.uniso.br\/index.php\/wp-json\/wp\/v2\/users\/4"}],"replies":[{"embeddable":true,"href":"https:\/\/unisonoticias.uniso.br\/index.php\/wp-json\/wp\/v2\/comments?post=8550"}],"version-history":[{"count":3,"href":"https:\/\/unisonoticias.uniso.br\/index.php\/wp-json\/wp\/v2\/posts\/8550\/revisions"}],"predecessor-version":[{"id":8631,"href":"https:\/\/unisonoticias.uniso.br\/index.php\/wp-json\/wp\/v2\/posts\/8550\/revisions\/8631"}],"wp:attachment":[{"href":"https:\/\/unisonoticias.uniso.br\/index.php\/wp-json\/wp\/v2\/media?parent=8550"}],"wp:term":[{"taxonomy":"category","embeddable":true,"href":"https:\/\/unisonoticias.uniso.br\/index.php\/wp-json\/wp\/v2\/categories?post=8550"},{"taxonomy":"post_tag","embeddable":true,"href":"https:\/\/unisonoticias.uniso.br\/index.php\/wp-json\/wp\/v2\/tags?post=8550"}],"curies":[{"name":"wp","href":"https:\/\/api.w.org\/{rel}","templated":true}]}}