{"id":8543,"date":"2023-09-13T13:12:19","date_gmt":"2023-09-13T16:12:19","guid":{"rendered":"https:\/\/unisonoticias.uniso.br\/?p=8543"},"modified":"2023-12-27T08:15:53","modified_gmt":"2023-12-27T11:15:53","slug":"festa-e-homenagem-marcam-os-29-anos-de-uniso","status":"publish","type":"post","link":"https:\/\/unisonoticias.uniso.br\/index.php\/2023\/09\/13\/festa-e-homenagem-marcam-os-29-anos-de-uniso\/","title":{"rendered":"Uniso comemora 29 anos com eventos"},"content":{"rendered":"\n<p>A Uniso preparou uma programa\u00e7\u00e3o especial para comemorar seus 29 anos, que ser\u00e3o completados nesta sexta-feira (15\/9).<\/p>\n\n\n\n<p><strong>Homenagem<\/strong><br>Em homenagem <em>in memoriam<\/em> \u00e0 professora Ana Maria Gurgel de Oliveira Gonzalez, o Pr\u00e9dio Administrativo da Cidade Universit\u00e1ria receber\u00e1 seu nome em uma cerim\u00f4nia que ser\u00e1 realizada \u00e0s 9h, no segundo andar.<br>Colaboradora respeitada, atuava como chefe de Gabinete do Reitor e professora do curso de Letras. Faleceu em 11 de maio deste ano, aos 75 anos, deixando uma trajet\u00f3ria de dedica\u00e7\u00e3o \u00e0 doc\u00eancia e \u00e0 Universidade.<br>Graduada em Letras pela Faculdade de Filosofia, Ci\u00eancias e Letras, uma das institui\u00e7\u00f5es origin\u00e1rias da Uniso, ingressou na FAFI como docente em 1979 e desde ent\u00e3o participou ativamente das etapas de implanta\u00e7\u00e3o da Uniso. Tamb\u00e9m exerceu diversas fun\u00e7\u00f5es administrativas, sendo uma das profissionais mais dedicadas e competentes da Institui\u00e7\u00e3o.<\/p>\n\n\n\n<p><strong>M\u00fasica com DJ<\/strong><br>Na sexta-feira tamb\u00e9m ser\u00e1 realizada mais uma edi\u00e7\u00e3o de M\u00fasica com DJ, com pipoca e algod\u00e3o doce, na Biblioteca da Cidade Universit\u00e1ria, \u00e0 noite, \u00e0s 20h.<\/p>\n\n\n\n<p><strong>Sobre a Uniso<\/strong><br>Primeira universidade implantada na Regi\u00e3o, em 15 de setembro de 1994, \u00e9 considerada comunit\u00e1ria, de car\u00e1ter regional, filiada \u00e0 Associa\u00e7\u00e3o Brasileira das Institui\u00e7\u00f5es Comunit\u00e1rias de Educa\u00e7\u00e3o Superior (Abruc), n\u00e3o confessional, mantida pela Funda\u00e7\u00e3o Dom Aguirre (FDA). Est\u00e1 situada no centro da Regi\u00e3o Metropolitana de Sorocaba, formada por 27 munic\u00edpios, com mais de dois milh\u00f5es de habitantes.<br>Em 2018, recebeu a nota 5 na avalia\u00e7\u00e3o para o recredenciamento institucional no sistema de Ensino Superior, tornando-se a \u00fanica universidade da regi\u00e3o com a nota m\u00e1xima do MEC, incluindo as p\u00fablicas.<br>Sua hist\u00f3ria est\u00e1 relacionada \u00e0 trajet\u00f3ria da Faculdade de Filosofia, Ci\u00eancias e Letras de Sorocaba, que surgiu em 1951 dentre as institui\u00e7\u00f5es pioneiras no Ensino Superior do munic\u00edpio. Ao longo desses quase 70 anos de hist\u00f3ria, j\u00e1 foram formados mais de 50 mil alunos.&nbsp;&nbsp;&nbsp;<br>Atualmente, a Uniso oferece 62 cursos de gradua\u00e7\u00e3o presencial, al\u00e9m de outros 18 cursos EAD. Na P\u00f3s-Gradua\u00e7\u00e3o, possui cursos Lato Sensu em quatro \u00e1reas e quatro programas Stricto Sensu, com Mestrado e Doutorado em Ci\u00eancias Farmac\u00eauticas, em Comunica\u00e7\u00e3o e Cultura, em Educa\u00e7\u00e3o, e em Processos Tecnol\u00f3gicos e Ambientais, todos recomendados pela Coordena\u00e7\u00e3o de Aperfei\u00e7oamento de Pessoal de N\u00edvel Superior (Capes) e reconhecidos pelo MEC.<br>Na \u00e1rea de extens\u00e3o conta com projetos que contribuem com toda a comunidade regional, e na \u00e1rea de Pesquisa, al\u00e9m dos projetos desenvolvidos, possui um projeto especial de divulga\u00e7\u00e3o denominado Uniso Ci\u00eancia. Destaca-se tamb\u00e9m o Uniso Tech, o Instituto de Ci\u00eancia e Tecnologia da Uniso, que oferece suporte ao desenvolvimento das empresas de Sorocaba e Regi\u00e3o.<br>Outras informa\u00e7\u00f5es:&nbsp;<a rel=\"noreferrer noopener\" href=\"http:\/\/uniso.br\/home\" target=\"_blank\">uniso.br<\/a>.<\/p>\n","protected":false},"excerpt":{"rendered":"<p>A Uniso preparou uma programa\u00e7\u00e3o especial para comemorar seus 29 anos, que ser\u00e3o completados nesta sexta-feira (15\/9). HomenagemEm homenagem in<\/p>\n","protected":false},"author":4,"featured_media":8003,"comment_status":"closed","ping_status":"closed","sticky":false,"template":"","format":"standard","meta":{"colormag_page_container_layout":"default_layout","colormag_page_sidebar_layout":"default_layout","footnotes":""},"categories":[40,41],"tags":[],"class_list":["post-8543","post","type-post","status-publish","format-standard","has-post-thumbnail","hentry","category-ultimas-noticias","category-vida-universitaria"],"_links":{"self":[{"href":"https:\/\/unisonoticias.uniso.br\/index.php\/wp-json\/wp\/v2\/posts\/8543","targetHints":{"allow":["GET"]}}],"collection":[{"href":"https:\/\/unisonoticias.uniso.br\/index.php\/wp-json\/wp\/v2\/posts"}],"about":[{"href":"https:\/\/unisonoticias.uniso.br\/index.php\/wp-json\/wp\/v2\/types\/post"}],"author":[{"embeddable":true,"href":"https:\/\/unisonoticias.uniso.br\/index.php\/wp-json\/wp\/v2\/users\/4"}],"replies":[{"embeddable":true,"href":"https:\/\/unisonoticias.uniso.br\/index.php\/wp-json\/wp\/v2\/comments?post=8543"}],"version-history":[{"count":8,"href":"https:\/\/unisonoticias.uniso.br\/index.php\/wp-json\/wp\/v2\/posts\/8543\/revisions"}],"predecessor-version":[{"id":9899,"href":"https:\/\/unisonoticias.uniso.br\/index.php\/wp-json\/wp\/v2\/posts\/8543\/revisions\/9899"}],"wp:featuredmedia":[{"embeddable":true,"href":"https:\/\/unisonoticias.uniso.br\/index.php\/wp-json\/wp\/v2\/media\/8003"}],"wp:attachment":[{"href":"https:\/\/unisonoticias.uniso.br\/index.php\/wp-json\/wp\/v2\/media?parent=8543"}],"wp:term":[{"taxonomy":"category","embeddable":true,"href":"https:\/\/unisonoticias.uniso.br\/index.php\/wp-json\/wp\/v2\/categories?post=8543"},{"taxonomy":"post_tag","embeddable":true,"href":"https:\/\/unisonoticias.uniso.br\/index.php\/wp-json\/wp\/v2\/tags?post=8543"}],"curies":[{"name":"wp","href":"https:\/\/api.w.org\/{rel}","templated":true}]}}