{"id":3249,"date":"2021-10-29T16:16:15","date_gmt":"2021-10-29T19:16:15","guid":{"rendered":"http:\/\/unisonoticias.uniso.br\/?p=3249"},"modified":"2021-10-29T16:16:16","modified_gmt":"2021-10-29T19:16:16","slug":"curso-de-farmacia-reune-alunos-ex-alunos-e-profissionais-em-encontro","status":"publish","type":"post","link":"https:\/\/unisonoticias.uniso.br\/index.php\/2021\/10\/29\/curso-de-farmacia-reune-alunos-ex-alunos-e-profissionais-em-encontro\/","title":{"rendered":"Curso de Farm\u00e1cia re\u00fane alunos, ex-alunos e profissionais em encontro"},"content":{"rendered":"\n<p>O curso de Farm\u00e1cia promover\u00e1 um encontro com alunos e egressos que tamb\u00e9m estar\u00e1 aberto a profissionais da \u00e1rea, neste s\u00e1bado (30\/10), \u00e0s 16h.<br>O objetivo \u00e9 proporcionar um encontro virtual para troca de experi\u00eancias, dicas de mercado de trabalho, oportunidades de crescimento, rede de contatos para networking, al\u00e9m da aproxima\u00e7\u00e3o para amplia\u00e7\u00e3o de relacionamentos dos farmac\u00eauticos Uniso com os estudantes do curso de Farm\u00e1cia.<br>Trata-se de uma atividade do componente de Est\u00e1gio Supervisionado Profissionalizante 2, sob responsabilidade dos professores Magali Glauzer Silva e S\u00edlvio Barberato Filho.<\/p>\n\n\n\n<p><strong>Acesso ao evento: <\/strong><a href=\"https:\/\/bityli.com\/D881vS\">https:\/\/bityli.com\/D881vS<\/a>.<\/p>\n","protected":false},"excerpt":{"rendered":"<p>O curso de Farm\u00e1cia promover\u00e1 um encontro com alunos e egressos que tamb\u00e9m estar\u00e1 aberto a profissionais da \u00e1rea, neste<\/p>\n","protected":false},"author":4,"featured_media":0,"comment_status":"closed","ping_status":"closed","sticky":false,"template":"","format":"standard","meta":{"colormag_page_container_layout":"default_layout","colormag_page_sidebar_layout":"default_layout","footnotes":""},"categories":[40,41],"tags":[],"class_list":["post-3249","post","type-post","status-publish","format-standard","hentry","category-ultimas-noticias","category-vida-universitaria"],"_links":{"self":[{"href":"https:\/\/unisonoticias.uniso.br\/index.php\/wp-json\/wp\/v2\/posts\/3249","targetHints":{"allow":["GET"]}}],"collection":[{"href":"https:\/\/unisonoticias.uniso.br\/index.php\/wp-json\/wp\/v2\/posts"}],"about":[{"href":"https:\/\/unisonoticias.uniso.br\/index.php\/wp-json\/wp\/v2\/types\/post"}],"author":[{"embeddable":true,"href":"https:\/\/unisonoticias.uniso.br\/index.php\/wp-json\/wp\/v2\/users\/4"}],"replies":[{"embeddable":true,"href":"https:\/\/unisonoticias.uniso.br\/index.php\/wp-json\/wp\/v2\/comments?post=3249"}],"version-history":[{"count":1,"href":"https:\/\/unisonoticias.uniso.br\/index.php\/wp-json\/wp\/v2\/posts\/3249\/revisions"}],"predecessor-version":[{"id":3250,"href":"https:\/\/unisonoticias.uniso.br\/index.php\/wp-json\/wp\/v2\/posts\/3249\/revisions\/3250"}],"wp:attachment":[{"href":"https:\/\/unisonoticias.uniso.br\/index.php\/wp-json\/wp\/v2\/media?parent=3249"}],"wp:term":[{"taxonomy":"category","embeddable":true,"href":"https:\/\/unisonoticias.uniso.br\/index.php\/wp-json\/wp\/v2\/categories?post=3249"},{"taxonomy":"post_tag","embeddable":true,"href":"https:\/\/unisonoticias.uniso.br\/index.php\/wp-json\/wp\/v2\/tags?post=3249"}],"curies":[{"name":"wp","href":"https:\/\/api.w.org\/{rel}","templated":true}]}}