{"id":3233,"date":"2021-10-29T15:09:52","date_gmt":"2021-10-29T18:09:52","guid":{"rendered":"http:\/\/unisonoticias.uniso.br\/?p=3233"},"modified":"2021-11-05T15:44:26","modified_gmt":"2021-11-05T18:44:26","slug":"musico-lanca-misterios-e-ebulicoes-na-uniso","status":"publish","type":"post","link":"https:\/\/unisonoticias.uniso.br\/index.php\/2021\/10\/29\/musico-lanca-misterios-e-ebulicoes-na-uniso\/","title":{"rendered":"M\u00fasico lan\u00e7a \u201cMist\u00e9rios e Ebuli\u00e7\u00f5es\u201d na Uniso"},"content":{"rendered":"\n<p>Acontecer\u00e1 na pr\u00f3xima quinta-feira (4\/11), na Cidade Universit\u00e1ria, o show de lan\u00e7amento do novo \u00e1lbum Mist\u00e9rios e Ebuli\u00e7\u00f5es, do m\u00fasico Carlos Madia, estudante de Rela\u00e7\u00f5es P\u00fablicas da Uniso. Haver\u00e1 duas sess\u00f5es, \u00e0s 9h e \u00e0s 20h, no Audit\u00f3rio F. <br>O ingresso volunt\u00e1rio \u00e9 um quilo de alimento n\u00e3o-perec\u00edvel ou um kit higiene (pasta de dente e sabonete) em prol do Instituto Maria Claro. O acesso ao espa\u00e7o ser\u00e1 por ordem de chegada.<br>O novo \u00e1lbum foi produzido com recursos do Programa de A\u00e7\u00e3o Cultural \u2013 PROAC, uma legisla\u00e7\u00e3o de incentivo \u00e0 cultura do Estado de S\u00e3o Paulo criada em 2006, e conta com um time de grandes m\u00fasicos, participa\u00e7\u00f5es especiais e uma produ\u00e7\u00e3o do mais alto n\u00edvel.<br>Este novo trabalho j\u00e1 est\u00e1 dispon\u00edvel nas plataformas digitais e est\u00e1 prevista, de acordo com informa\u00e7\u00f5es dos fabricantes, para abril de 2022, uma tiragem limitada de 250 c\u00f3pias em vinil.<\/p>\n\n\n\n<p><strong>Time forte, parcerias e participa\u00e7\u00f5es especiais<\/strong> <br>Carlos Madia ter\u00e1 a companhia de grandes m\u00fasicos durante o show: M\u00e1rcio Corr\u00eaa (bateria), Sidon Silva (percuss\u00e3o), Camilo Macedo (guitarra), Cleber Almeida (contrabaixo) e Luiz Anthony (viol\u00e3o, guitarra portuguesa, cello).<br>Al\u00e9m desses artistas, tamb\u00e9m participaram das grava\u00e7\u00f5es Billy Brand\u00e3o e Rodrigo Campello (guitarra), Igor Ara\u00fajo (contrabaixo), Jo\u00e3o Paulo Amaral (viola caipira), Diego Garbin (trompete\/flugelhorn) e Ernani Cal (cu\u00edca).<br>Madia teve como convidados especiais na can\u00e7\u00e3o \u201cContamine-se de si\u201d os cantores sorocabanos Hugo Rafael (Grupo Samb\u00f4), Alexandre Franklin (R\u00e1dio Comida), Vict\u00f3ria Conegero (Benzi\u00ea), Danielle Domingos e Cleber Almeida, este \u00faltimo que, ao lado de Sidon Silva (Monobloco), foi um dos produtores musicais do \u00e1lbum, que ainda teve o talento de Fabiano Fran\u00e7a na mixagem e masteriza\u00e7\u00e3o do trabalho.<br>H\u00e1 duas parcerias nas can\u00e7\u00f5es do \u00e1lbum, \u201cPandeiro\u201d com Qm@rio e \u201cNosso Samba\u201d com Tom Soares. No repert\u00f3rio do disco ainda est\u00e3o \u201cA Calma de Oxal\u00e1\u201d, \u201cAfetado\u201d, \u201cAzul\u201d, \u201cA Loucura do Mundo\u201d, \u201cCaro Demais\u201d, \u201cCovid Covarde\u201d, Mist\u00e9rios e Ebuli\u00e7\u00f5es\u201d, \u201cN\u00e3o Consigo Respirar\u201d e \u201cPra Ela\u201d. Nesta apresenta\u00e7\u00e3o, Carlos Madia acrescenta outras cinco composi\u00e7\u00f5es autorais. O show contar\u00e1 ainda com figurinos e dire\u00e7\u00e3o art\u00edstica de Elaine Buzato.<br>Uma grande artista brasileira, reconhecida em todo mundo por sua obra e por sua personalidade art\u00edstica tamb\u00e9m deu sua nobre contribui\u00e7\u00e3o a este novo \u00e1lbum. Leila Pinheiro dividiu \u201cResili\u00eancia\u201d com Carlos Madia, autor da can\u00e7\u00e3o.<\/p>\n\n\n\n<p><strong>Maturidade<\/strong><br>Ao longo de sua hist\u00f3ria, Madia conquistou grandes parcerias e trabalhos que lhe renderam outros quatro \u00e1lbuns, sendo o primeiro deles em 1997 \u201cPoesiviol\u00e3o\u201d, seguido por \u201cMais Tudo Isso\u201d, em parceria com M\u00edriam Cris Carlos. \u201cT\u00e3o Longe, T\u00e3o Perto\u201d com a poeta Duda Novaes e \u201cTr\u00eas em Um\u201d, com Eraldo Basso e Robson Silvestrini. Al\u00e9m destes, Madia lan\u00e7ou alguns singles e clipes, como: \u201c\u00c9 Melhor Batucar\u201d, com participa\u00e7\u00e3o de Pedro Lu\u00eds e a Parede, \u201cPrimavera do Amor\u201d e \u201cCadeia Capital\u201d.<\/p>\n\n\n\n<p><strong>Em contato com nossa reda\u00e7\u00e3o, Carlos Madia contou um pouco sobre este novo trabalho<\/strong> <br>\u201cAs grava\u00e7\u00f5es foram feitas em v\u00e1rios est\u00fadios, levando em conta os novos formatos de produ\u00e7\u00e3o sugeridos pelos tempos de pandemia e tamb\u00e9m pelos recursos que a tecnologia oferece. Alguns m\u00fasicos gravaram de suas casas, enquanto outros usaram est\u00fadios tradicionais e at\u00e9 aparelhos celulares. As mixagens e masteriza\u00e7\u00f5es foram feitas no Rio de Janeiro pelo Fabiano Fran\u00e7a, uma pessoa do mais alto n\u00edvel humano e profissional, assim como todos que participaram da produ\u00e7\u00e3o, sem exce\u00e7\u00e3o, inclusive eu fa\u00e7o quest\u00e3o disso, se n\u00e3o for gente boa, a energia n\u00e3o sintoniza\u201d. <br>\u201cLevar este show ao palco e ao p\u00fablico, depois de tanta espera, ser\u00e1 um prazer e uma energia sem dimens\u00f5es, e ainda mais contando com o mesmo time de m\u00fasicos que buscou cuidadosamente uma sonoridade \u00edmpar para a grava\u00e7\u00e3o do \u00e1lbum, \u00e9 mais um motivo para agradecer\u201d.<\/p>\n\n\n\n<p><strong>Falando ainda sobre o contexto do trabalho:<\/strong><br>\u201cEm n\u00f3s existem afetos, viol\u00eancias, do\u00e7uras, loucuras, desejos, medos, coragens, imagens, mem\u00f3rias e uma infinidade de outros sentimentos e registros que pode ser pretensiosamente resumida em \u201cMist\u00e9rios e Ebuli\u00e7\u00f5es.<br>Quantos mil\u00eanios se foram! Quantos mil\u00eanios est\u00e3o por vir! Desde sempre o ser humano \u00e9 um sem fim de possibilidades e surpresas, tudo conta.<br>Cada passo, gesto, palavra, olhar, pausa, sil\u00eancio, sonho, cada mundo&#8230; e como s\u00e3o infinitos e imensos os mundos em cada um de n\u00f3s. S\u00e3o milhares de c\u00e9lulas e part\u00edculas que formam tecidos, \u00f3rg\u00e3os, corpos e sistemas que, por sua vez, formam personalidades, instintos, individualidades, hist\u00f3rias, poesias.<br>Em tempos sombrios e nebulosos, em que a pandemia nos derruba, o racismo segue firme e forte, as injusti\u00e7as sociais escancaradas e mais balas perdidas encontram mais pretos e pobres, devemos sim contestar e continuar buscando respostas, trazendo discuss\u00f5es, mas, mais do que nunca, devemos cantar nosso canto de paz.<br>Em um mundo onde a todo momento somos colocados contra a parede, cabe-nos pensar sobre nossos pr\u00f3ximos passos, trazendo a nosso favor nossos \u201cMist\u00e9rios e Ebuli\u00e7\u00f5es\u201d.<br><br><strong><em>Texto: Divulga\u00e7\u00e3o<\/em><\/strong><\/p>\n\n\n\n<p><strong>Servi\u00e7o<\/strong><br>Show: Mist\u00e9rios e Ebuli\u00e7\u00f5es<br>Artista: Carlos Madia e Banda <br>Local: Uniso \u2013 Cidade Universit\u00e1ria &#8220;Professor Aldo Vannucchi&#8221; \/ Audit\u00f3rio F (Rod. Raposo Tavares, km 92.5) <br>Data: 04\/11\/2021<br>Hor\u00e1rio: 9h e 20h<br>Ingresso volunt\u00e1rio: um quilo de alimento n\u00e3o-perec\u00edvel ou um kit higiene (pasta de dente e sabonete)<\/p>\n","protected":false},"excerpt":{"rendered":"<p>Acontecer\u00e1 na pr\u00f3xima quinta-feira (4\/11), na Cidade Universit\u00e1ria, o show de lan\u00e7amento do novo \u00e1lbum Mist\u00e9rios e Ebuli\u00e7\u00f5es, do m\u00fasico<\/p>\n","protected":false},"author":4,"featured_media":3234,"comment_status":"closed","ping_status":"closed","sticky":false,"template":"","format":"standard","meta":{"colormag_page_container_layout":"default_layout","colormag_page_sidebar_layout":"default_layout","footnotes":""},"categories":[40,41],"tags":[],"class_list":["post-3233","post","type-post","status-publish","format-standard","has-post-thumbnail","hentry","category-ultimas-noticias","category-vida-universitaria"],"_links":{"self":[{"href":"https:\/\/unisonoticias.uniso.br\/index.php\/wp-json\/wp\/v2\/posts\/3233","targetHints":{"allow":["GET"]}}],"collection":[{"href":"https:\/\/unisonoticias.uniso.br\/index.php\/wp-json\/wp\/v2\/posts"}],"about":[{"href":"https:\/\/unisonoticias.uniso.br\/index.php\/wp-json\/wp\/v2\/types\/post"}],"author":[{"embeddable":true,"href":"https:\/\/unisonoticias.uniso.br\/index.php\/wp-json\/wp\/v2\/users\/4"}],"replies":[{"embeddable":true,"href":"https:\/\/unisonoticias.uniso.br\/index.php\/wp-json\/wp\/v2\/comments?post=3233"}],"version-history":[{"count":1,"href":"https:\/\/unisonoticias.uniso.br\/index.php\/wp-json\/wp\/v2\/posts\/3233\/revisions"}],"predecessor-version":[{"id":3235,"href":"https:\/\/unisonoticias.uniso.br\/index.php\/wp-json\/wp\/v2\/posts\/3233\/revisions\/3235"}],"wp:featuredmedia":[{"embeddable":true,"href":"https:\/\/unisonoticias.uniso.br\/index.php\/wp-json\/wp\/v2\/media\/3234"}],"wp:attachment":[{"href":"https:\/\/unisonoticias.uniso.br\/index.php\/wp-json\/wp\/v2\/media?parent=3233"}],"wp:term":[{"taxonomy":"category","embeddable":true,"href":"https:\/\/unisonoticias.uniso.br\/index.php\/wp-json\/wp\/v2\/categories?post=3233"},{"taxonomy":"post_tag","embeddable":true,"href":"https:\/\/unisonoticias.uniso.br\/index.php\/wp-json\/wp\/v2\/tags?post=3233"}],"curies":[{"name":"wp","href":"https:\/\/api.w.org\/{rel}","templated":true}]}}