{"id":3198,"date":"2021-10-27T08:06:00","date_gmt":"2021-10-27T11:06:00","guid":{"rendered":"http:\/\/unisonoticias.uniso.br\/?p=3198"},"modified":"2021-10-29T08:14:16","modified_gmt":"2021-10-29T11:14:16","slug":"vidas-nao-mais-invisiveis-o-papel-da-defensoria-publica-na-amazonia-em-prol-das-pessoas-em-situacao-de-risco","status":"publish","type":"post","link":"https:\/\/unisonoticias.uniso.br\/index.php\/2021\/10\/27\/vidas-nao-mais-invisiveis-o-papel-da-defensoria-publica-na-amazonia-em-prol-das-pessoas-em-situacao-de-risco\/","title":{"rendered":"VIDAS \u2013 N\u00c3O MAIS \u2013 INVIS\u00cdVEIS: O PAPEL DA DEFENSORIA P\u00daBLICA NA AMAZ\u00d4NIA EM PROL DAS PESSOAS EM SITUA\u00c7\u00c3O DE RISCO"},"content":{"rendered":"\n<p><strong>Mulheres Jornalistas \u2013 27\/10\/202<\/strong>1: <br><strong><a rel=\"noreferrer noopener\" href=\"https:\/\/mulheresjornalistas.com\/papel-da-defensoria-publica-na-amazonia\/geral\/\" target=\"_blank\">Vidas \u2013 n\u00e3o mais \u2013 invis\u00edveis: o papel da Defensoria P\u00fablica na Amaz\u00f4nia em prol das pessoas em situa\u00e7\u00e3o de risco<\/a><\/strong><\/p>\n\n\n\n<figure class=\"wp-block-image size-large\"><img loading=\"lazy\" decoding=\"async\" width=\"1024\" height=\"692\" src=\"https:\/\/unisonoticias.uniso.br\/wp-content\/uploads\/Mulheres-Jornalistas-27-10-2021-1024x692.png\" alt=\"\" class=\"wp-image-3200\" srcset=\"https:\/\/unisonoticias.uniso.br\/wp-content\/uploads\/Mulheres-Jornalistas-27-10-2021-1024x692.png 1024w, https:\/\/unisonoticias.uniso.br\/wp-content\/uploads\/Mulheres-Jornalistas-27-10-2021-300x203.png 300w, https:\/\/unisonoticias.uniso.br\/wp-content\/uploads\/Mulheres-Jornalistas-27-10-2021-768x519.png 768w, https:\/\/unisonoticias.uniso.br\/wp-content\/uploads\/Mulheres-Jornalistas-27-10-2021.png 1226w\" sizes=\"auto, (max-width: 1024px) 100vw, 1024px\" \/><\/figure>\n","protected":false},"excerpt":{"rendered":"<p>Mulheres Jornalistas \u2013 27\/10\/2021: Vidas \u2013 n\u00e3o mais \u2013 invis\u00edveis: o papel da Defensoria P\u00fablica na Amaz\u00f4nia em prol das<\/p>\n","protected":false},"author":4,"featured_media":0,"comment_status":"closed","ping_status":"closed","sticky":false,"template":"","format":"standard","meta":{"colormag_page_container_layout":"default_layout","colormag_page_sidebar_layout":"default_layout","footnotes":""},"categories":[44],"tags":[],"class_list":["post-3198","post","type-post","status-publish","format-standard","hentry","category-na-midia"],"_links":{"self":[{"href":"https:\/\/unisonoticias.uniso.br\/index.php\/wp-json\/wp\/v2\/posts\/3198","targetHints":{"allow":["GET"]}}],"collection":[{"href":"https:\/\/unisonoticias.uniso.br\/index.php\/wp-json\/wp\/v2\/posts"}],"about":[{"href":"https:\/\/unisonoticias.uniso.br\/index.php\/wp-json\/wp\/v2\/types\/post"}],"author":[{"embeddable":true,"href":"https:\/\/unisonoticias.uniso.br\/index.php\/wp-json\/wp\/v2\/users\/4"}],"replies":[{"embeddable":true,"href":"https:\/\/unisonoticias.uniso.br\/index.php\/wp-json\/wp\/v2\/comments?post=3198"}],"version-history":[{"count":2,"href":"https:\/\/unisonoticias.uniso.br\/index.php\/wp-json\/wp\/v2\/posts\/3198\/revisions"}],"predecessor-version":[{"id":3201,"href":"https:\/\/unisonoticias.uniso.br\/index.php\/wp-json\/wp\/v2\/posts\/3198\/revisions\/3201"}],"wp:attachment":[{"href":"https:\/\/unisonoticias.uniso.br\/index.php\/wp-json\/wp\/v2\/media?parent=3198"}],"wp:term":[{"taxonomy":"category","embeddable":true,"href":"https:\/\/unisonoticias.uniso.br\/index.php\/wp-json\/wp\/v2\/categories?post=3198"},{"taxonomy":"post_tag","embeddable":true,"href":"https:\/\/unisonoticias.uniso.br\/index.php\/wp-json\/wp\/v2\/tags?post=3198"}],"curies":[{"name":"wp","href":"https:\/\/api.w.org\/{rel}","templated":true}]}}