{"id":3193,"date":"2021-10-27T14:06:53","date_gmt":"2021-10-27T17:06:53","guid":{"rendered":"http:\/\/unisonoticias.uniso.br\/?p=3193"},"modified":"2021-10-27T14:06:54","modified_gmt":"2021-10-27T17:06:54","slug":"webinar-aborda-tecnologia-nuclear-aplicada-a-saude","status":"publish","type":"post","link":"https:\/\/unisonoticias.uniso.br\/index.php\/2021\/10\/27\/webinar-aborda-tecnologia-nuclear-aplicada-a-saude\/","title":{"rendered":"Webinar aborda tecnologia nuclear aplicada \u00e0 Sa\u00fade"},"content":{"rendered":"\n<p>O curso de Farm\u00e1cia realizar\u00e1 o webinar \u201cTecnologia Nuclear aplicada \u00e0 Sa\u00fade: Radioesteriliza\u00e7\u00e3o, Radiofarm\u00e1cia e Nanotecnologia\u201d nesta quarta-feira (28\/10), das 19h \u00e0s 22h40. O evento contar\u00e1 com a participa\u00e7\u00e3o de pesquisadores do Brasil e dos Estados Unidos, convidados de renome na \u00e1rea da tecnologia nuclear e da nanotecnologia aplicada.<br>O premiado cientista Gustavo Henrique Costa Varca, formado no curso de Farm\u00e1cia da Uniso, ministrar\u00e1 a palestra \u201cRadioesteriliza\u00e7\u00e3o e Modifica\u00e7\u00e3o de materiais por radia\u00e7\u00e3o ionizante\u201d. Doutor e p\u00f3s-doutor pelo Instituto de Pesquisas Energ\u00e9ticas e Nucleares (Ipen), ele atua como consultor internacional (\u00c1sia e Europa) e Gerente de Novas Aplica\u00e7\u00f5es na E-BEAM Services. <br>Outro convidado \u00e9 Lucas F. de Freitas, bolsista Fapesp de p\u00f3s-doutorado pelo Ipen, com doutorado &#8220;sandu\u00edche&#8221; no Wellman Center for Photomedicine &#8211; Harvard Medical School. Ele abordar\u00e1 o tema \u201cTecnologia das Radia\u00e7\u00f5es aplicada \u00e0 Nanotecnologia\u201d. <br>O webinar ser\u00e1 encerrado pelo doutor em Tecnologia Nuclear, Aryel H. Ferreira, com a palestra \u201cRadiofarm\u00e1cia\u201d. Ele \u00e9 CEO da NanoRad, startup da \u00e1rea radiofarmac\u00eautica, e Consultor S\u00eanior no The Graphene Council. <br>A participa\u00e7\u00e3o \u00e9 gratuita, aberta a estudantes, pesquisadores e profissionais de todas as \u00e1reas da Sa\u00fade e interessados no emprego de tecnologias nucleares. <br>Para ter direito ao certificado \u00e9 necess\u00e1rio estar inscrito no evento. Informa\u00e7\u00f5es: <a href=\"https:\/\/uniso.br\/evento\/tECNOLOGIANUCLEARAPLICADAASAUDE\">https:\/\/uniso.br\/evento\/tECNOLOGIANUCLEARAPLICADAASAUDE<\/a>.<\/p>\n","protected":false},"excerpt":{"rendered":"<p>O curso de Farm\u00e1cia realizar\u00e1 o webinar \u201cTecnologia Nuclear aplicada \u00e0 Sa\u00fade: Radioesteriliza\u00e7\u00e3o, Radiofarm\u00e1cia e Nanotecnologia\u201d nesta quarta-feira (28\/10), das<\/p>\n","protected":false},"author":4,"featured_media":0,"comment_status":"closed","ping_status":"closed","sticky":false,"template":"","format":"standard","meta":{"colormag_page_container_layout":"default_layout","colormag_page_sidebar_layout":"default_layout","footnotes":""},"categories":[40,41],"tags":[],"class_list":["post-3193","post","type-post","status-publish","format-standard","hentry","category-ultimas-noticias","category-vida-universitaria"],"_links":{"self":[{"href":"https:\/\/unisonoticias.uniso.br\/index.php\/wp-json\/wp\/v2\/posts\/3193","targetHints":{"allow":["GET"]}}],"collection":[{"href":"https:\/\/unisonoticias.uniso.br\/index.php\/wp-json\/wp\/v2\/posts"}],"about":[{"href":"https:\/\/unisonoticias.uniso.br\/index.php\/wp-json\/wp\/v2\/types\/post"}],"author":[{"embeddable":true,"href":"https:\/\/unisonoticias.uniso.br\/index.php\/wp-json\/wp\/v2\/users\/4"}],"replies":[{"embeddable":true,"href":"https:\/\/unisonoticias.uniso.br\/index.php\/wp-json\/wp\/v2\/comments?post=3193"}],"version-history":[{"count":1,"href":"https:\/\/unisonoticias.uniso.br\/index.php\/wp-json\/wp\/v2\/posts\/3193\/revisions"}],"predecessor-version":[{"id":3194,"href":"https:\/\/unisonoticias.uniso.br\/index.php\/wp-json\/wp\/v2\/posts\/3193\/revisions\/3194"}],"wp:attachment":[{"href":"https:\/\/unisonoticias.uniso.br\/index.php\/wp-json\/wp\/v2\/media?parent=3193"}],"wp:term":[{"taxonomy":"category","embeddable":true,"href":"https:\/\/unisonoticias.uniso.br\/index.php\/wp-json\/wp\/v2\/categories?post=3193"},{"taxonomy":"post_tag","embeddable":true,"href":"https:\/\/unisonoticias.uniso.br\/index.php\/wp-json\/wp\/v2\/tags?post=3193"}],"curies":[{"name":"wp","href":"https:\/\/api.w.org\/{rel}","templated":true}]}}