{"id":3106,"date":"2021-10-07T15:14:17","date_gmt":"2021-10-07T18:14:17","guid":{"rendered":"http:\/\/unisonoticias.uniso.br\/?p=3106"},"modified":"2021-10-07T15:14:19","modified_gmt":"2021-10-07T18:14:19","slug":"mestrados-e-doutorados-da-uniso-recebem-inscricao-2","status":"publish","type":"post","link":"https:\/\/unisonoticias.uniso.br\/index.php\/2021\/10\/07\/mestrados-e-doutorados-da-uniso-recebem-inscricao-2\/","title":{"rendered":"Mestrados e Doutorados da Uniso recebem inscri\u00e7\u00e3o"},"content":{"rendered":"\n<p>A Uniso abriu o processo seletivo para os seus quatro Programas de P\u00f3s-Gradua\u00e7\u00e3o Stricto Sensu: Mestrado e Doutorado em Ci\u00eancias Farmac\u00eauticas, Mestrado e Doutorado em Comunica\u00e7\u00e3o e Cultura, Mestrado e Doutorado em Educa\u00e7\u00e3o, Mestrado e Doutorado Profissional em Processos Tecnol\u00f3gicos e Ambientais. Confira abaixo o canal de acesso a cada programa.<\/p>\n\n\n\n<p><strong>Programa de P\u00f3s-Gradua\u00e7\u00e3o em Ci\u00eancias Farmac\u00eauticas<\/strong> <br>Per\u00edodo de inscri\u00e7\u00e3o: 04\/10\/2021 a 03\/02\/2022 <br>Informa\u00e7\u00f5es:\u00a0<a rel=\"noreferrer noopener\" href=\"http:\/\/farmacia.uniso.br\/\" target=\"_blank\">http:\/\/farmacia.uniso.br\/<\/a><\/p>\n\n\n\n<p><strong>Programa de P\u00f3s-Gradua\u00e7\u00e3o em Comunica\u00e7\u00e3o e Cultura<\/strong> <br>Per\u00edodo de inscri\u00e7\u00e3o: 04\/10\/21 a 03\/02\/2022 <br>Informa\u00e7\u00f5es:\u00a0<a rel=\"noreferrer noopener\" href=\"http:\/\/comunicacaoecultura.uniso.br\/\" target=\"_blank\">http:\/\/comunicacaoecultura.uniso.br\/<\/a><\/p>\n\n\n\n<p><strong>Programa de P\u00f3s-Gradua\u00e7\u00e3o em Educa\u00e7\u00e3o<\/strong> <br>Per\u00edodo de inscri\u00e7\u00f5es: 04\/10\/2021 a 03\/02\/2022 <br>Informa\u00e7\u00f5es:\u00a0<a rel=\"noreferrer noopener\" href=\"http:\/\/educacao.uniso.br\/?fbclid=IwAR1smclfBukmxp10RwbCGOpqjbjVXkZyKsNY7fpAeCtj34YjV9siW213_Hw\" target=\"_blank\">http:\/\/educacao.uniso.br\/<\/a><\/p>\n\n\n\n<p><strong>Programa de P\u00f3s-Gradua\u00e7\u00e3o em Processos Tecnol\u00f3gicos e Ambientais<\/strong> <br>Per\u00edodo de inscri\u00e7\u00e3o: 04\/10\/2021 a 03\/02\/2022  <br>Informa\u00e7\u00f5es:\u00a0<a rel=\"noreferrer noopener\" href=\"http:\/\/pta.uniso.br\/\" target=\"_blank\">http:\/\/pta.uniso.br\/<\/a><\/p>\n","protected":false},"excerpt":{"rendered":"<p>A Uniso abriu o processo seletivo para os seus quatro Programas de P\u00f3s-Gradua\u00e7\u00e3o Stricto Sensu: Mestrado e Doutorado em Ci\u00eancias<\/p>\n","protected":false},"author":4,"featured_media":0,"comment_status":"closed","ping_status":"closed","sticky":false,"template":"","format":"standard","meta":{"colormag_page_container_layout":"default_layout","colormag_page_sidebar_layout":"default_layout","footnotes":""},"categories":[40,41],"tags":[],"class_list":["post-3106","post","type-post","status-publish","format-standard","hentry","category-ultimas-noticias","category-vida-universitaria"],"_links":{"self":[{"href":"https:\/\/unisonoticias.uniso.br\/index.php\/wp-json\/wp\/v2\/posts\/3106","targetHints":{"allow":["GET"]}}],"collection":[{"href":"https:\/\/unisonoticias.uniso.br\/index.php\/wp-json\/wp\/v2\/posts"}],"about":[{"href":"https:\/\/unisonoticias.uniso.br\/index.php\/wp-json\/wp\/v2\/types\/post"}],"author":[{"embeddable":true,"href":"https:\/\/unisonoticias.uniso.br\/index.php\/wp-json\/wp\/v2\/users\/4"}],"replies":[{"embeddable":true,"href":"https:\/\/unisonoticias.uniso.br\/index.php\/wp-json\/wp\/v2\/comments?post=3106"}],"version-history":[{"count":1,"href":"https:\/\/unisonoticias.uniso.br\/index.php\/wp-json\/wp\/v2\/posts\/3106\/revisions"}],"predecessor-version":[{"id":3107,"href":"https:\/\/unisonoticias.uniso.br\/index.php\/wp-json\/wp\/v2\/posts\/3106\/revisions\/3107"}],"wp:attachment":[{"href":"https:\/\/unisonoticias.uniso.br\/index.php\/wp-json\/wp\/v2\/media?parent=3106"}],"wp:term":[{"taxonomy":"category","embeddable":true,"href":"https:\/\/unisonoticias.uniso.br\/index.php\/wp-json\/wp\/v2\/categories?post=3106"},{"taxonomy":"post_tag","embeddable":true,"href":"https:\/\/unisonoticias.uniso.br\/index.php\/wp-json\/wp\/v2\/tags?post=3106"}],"curies":[{"name":"wp","href":"https:\/\/api.w.org\/{rel}","templated":true}]}}