{"id":3042,"date":"2021-09-30T14:12:57","date_gmt":"2021-09-30T17:12:57","guid":{"rendered":"http:\/\/unisonoticias.uniso.br\/?p=3042"},"modified":"2021-10-07T16:07:15","modified_gmt":"2021-10-07T19:07:15","slug":"estudante-e-medalhista-de-ouro","status":"publish","type":"post","link":"https:\/\/unisonoticias.uniso.br\/index.php\/2021\/09\/30\/estudante-e-medalhista-de-ouro\/","title":{"rendered":"Estudante \u00e9 medalhista de ouro"},"content":{"rendered":"\n<p>Pela primeira vez, a Uniso foi representada nas Paralimp\u00edadas Universit\u00e1rias, realizadas em 17 e 18 de setembro no Centro de Treinamento Paral\u00edmpico de S\u00e3o Paulo. E, logo de cara, a Universidade ocupou duas posi\u00e7\u00f5es no p\u00f3dio, ambas representadas pela mesma atleta, Lu\u00edsa Ferrazzi, 19, estudante de Jornalismo.<br>Lu\u00edsa tem paralisia cerebral e, atualmente, est\u00e1 no 4\u00ba semestre da gradua\u00e7\u00e3o. Ela trouxe para casa um ouro na modalidade corrida com petra \u2014 que \u00e9 um tipo de bicicleta adaptada \u2014 e, como se n\u00e3o bastasse, um bronze no arremesso de peso. O evento, que re\u00fane estudantes com algum tipo de defici\u00eancia (f\u00edsica, visual ou intelectual) de todo o Brasil, contou com mais de 350 atletas inscritos, representando cerca de 180 institui\u00e7\u00f5es de Ensino Superior, em sete modalidades diferentes.<br>\u201cFoi uma das experi\u00eancias mais incr\u00edveis da minha vida\u201d, ela conta. \u201cJamais imaginei que, com somente um ano de treinamento, eu j\u00e1 estaria numa competi\u00e7\u00e3o, e muito menos que ganharia duas medalhas.\u201d O treinamento come\u00e7ou no ano passado, em plena pandemia, por incentivo de uma amiga. At\u00e9 ent\u00e3o, a estudante j\u00e1 tinha o h\u00e1bito de acompanhar eventos esportivos, mas ainda das arquibancadas.<br>\u201cH\u00e1 exatamente um ano, quando comecei a praticar, eu n\u00e3o conseguia sair do lugar, porque a bicicleta depende de um determinado movimento com a ponta dos p\u00e9s, e eu n\u00e3o tinha esse movimento. Em um ano eu consegui e, logo de cara, trouxe duas medalhas. Foi muito emocionante; durante a competi\u00e7\u00e3o eu olhava para tr\u00e1s e n\u00e3o acreditava, porque as meninas que competiam comigo estavam muito longe. At\u00e9 que uma amiga disse \u2018Lu, acabou!\u2019. Eu estava em transe, n\u00e3o acreditava que tinha terminado na primeira posi\u00e7\u00e3o\u201d, relembra.<br>\u201cO que eu sinto \u00e9 que posso abrir portas para outras pessoas com defici\u00eancias\u201d, ela conclui, confiante. A modalidade em que Lu\u00edsa ganhou o ouro, a corrida com petra, ser\u00e1 adotada nas Paralimp\u00edadas a partir da pr\u00f3xima edi\u00e7\u00e3o, em 2024, a ser realizada em Paris.<br><br>Texto: Nicole Annunciato e Rodrigo Andrade (Ag\u00eancia FOCS \/ Jornalismo Uniso)<br>Fotos: Eunice Lima (arquivo pessoal)<\/p>\n\n\n\n<figure class=\"wp-block-gallery columns-2 is-cropped wp-block-gallery-1 is-layout-flex wp-block-gallery-is-layout-flex\"><ul class=\"blocks-gallery-grid\"><li class=\"blocks-gallery-item\"><figure><img loading=\"lazy\" decoding=\"async\" width=\"766\" height=\"1024\" src=\"https:\/\/unisonoticias.uniso.br\/wp-content\/uploads\/WhatsApp-Image-2021-09-21-at-22.36.21-766x1024.jpeg\" alt=\"\" data-id=\"3044\" data-full-url=\"https:\/\/unisonoticias.uniso.br\/wp-content\/uploads\/WhatsApp-Image-2021-09-21-at-22.36.21.jpeg\" data-link=\"https:\/\/unisonoticias.uniso.br\/?attachment_id=3044\" class=\"wp-image-3044\" srcset=\"https:\/\/unisonoticias.uniso.br\/wp-content\/uploads\/WhatsApp-Image-2021-09-21-at-22.36.21-766x1024.jpeg 766w, https:\/\/unisonoticias.uniso.br\/wp-content\/uploads\/WhatsApp-Image-2021-09-21-at-22.36.21-225x300.jpeg 225w, https:\/\/unisonoticias.uniso.br\/wp-content\/uploads\/WhatsApp-Image-2021-09-21-at-22.36.21-768x1026.jpeg 768w, https:\/\/unisonoticias.uniso.br\/wp-content\/uploads\/WhatsApp-Image-2021-09-21-at-22.36.21.jpeg 958w\" sizes=\"auto, (max-width: 766px) 100vw, 766px\" \/><\/figure><\/li><li class=\"blocks-gallery-item\"><figure><img loading=\"lazy\" decoding=\"async\" width=\"768\" height=\"1024\" src=\"https:\/\/unisonoticias.uniso.br\/wp-content\/uploads\/WhatsApp-Image-2021-09-21-at-22.36.20-768x1024.jpeg\" alt=\"\" data-id=\"3043\" data-full-url=\"https:\/\/unisonoticias.uniso.br\/wp-content\/uploads\/WhatsApp-Image-2021-09-21-at-22.36.20.jpeg\" data-link=\"https:\/\/unisonoticias.uniso.br\/?attachment_id=3043\" class=\"wp-image-3043\" srcset=\"https:\/\/unisonoticias.uniso.br\/wp-content\/uploads\/WhatsApp-Image-2021-09-21-at-22.36.20-768x1024.jpeg 768w, https:\/\/unisonoticias.uniso.br\/wp-content\/uploads\/WhatsApp-Image-2021-09-21-at-22.36.20-225x300.jpeg 225w, https:\/\/unisonoticias.uniso.br\/wp-content\/uploads\/WhatsApp-Image-2021-09-21-at-22.36.20.jpeg 780w\" sizes=\"auto, (max-width: 768px) 100vw, 768px\" \/><\/figure><\/li><\/ul><\/figure>\n\n\n\n<p><br><\/p>\n","protected":false},"excerpt":{"rendered":"<p>Pela primeira vez, a Uniso foi representada nas Paralimp\u00edadas Universit\u00e1rias, realizadas em 17 e 18 de setembro no Centro de<\/p>\n","protected":false},"author":4,"featured_media":3045,"comment_status":"closed","ping_status":"closed","sticky":false,"template":"","format":"standard","meta":{"colormag_page_container_layout":"default_layout","colormag_page_sidebar_layout":"default_layout","footnotes":""},"categories":[40,41],"tags":[],"class_list":["post-3042","post","type-post","status-publish","format-standard","has-post-thumbnail","hentry","category-ultimas-noticias","category-vida-universitaria"],"_links":{"self":[{"href":"https:\/\/unisonoticias.uniso.br\/index.php\/wp-json\/wp\/v2\/posts\/3042","targetHints":{"allow":["GET"]}}],"collection":[{"href":"https:\/\/unisonoticias.uniso.br\/index.php\/wp-json\/wp\/v2\/posts"}],"about":[{"href":"https:\/\/unisonoticias.uniso.br\/index.php\/wp-json\/wp\/v2\/types\/post"}],"author":[{"embeddable":true,"href":"https:\/\/unisonoticias.uniso.br\/index.php\/wp-json\/wp\/v2\/users\/4"}],"replies":[{"embeddable":true,"href":"https:\/\/unisonoticias.uniso.br\/index.php\/wp-json\/wp\/v2\/comments?post=3042"}],"version-history":[{"count":1,"href":"https:\/\/unisonoticias.uniso.br\/index.php\/wp-json\/wp\/v2\/posts\/3042\/revisions"}],"predecessor-version":[{"id":3046,"href":"https:\/\/unisonoticias.uniso.br\/index.php\/wp-json\/wp\/v2\/posts\/3042\/revisions\/3046"}],"wp:featuredmedia":[{"embeddable":true,"href":"https:\/\/unisonoticias.uniso.br\/index.php\/wp-json\/wp\/v2\/media\/3045"}],"wp:attachment":[{"href":"https:\/\/unisonoticias.uniso.br\/index.php\/wp-json\/wp\/v2\/media?parent=3042"}],"wp:term":[{"taxonomy":"category","embeddable":true,"href":"https:\/\/unisonoticias.uniso.br\/index.php\/wp-json\/wp\/v2\/categories?post=3042"},{"taxonomy":"post_tag","embeddable":true,"href":"https:\/\/unisonoticias.uniso.br\/index.php\/wp-json\/wp\/v2\/tags?post=3042"}],"curies":[{"name":"wp","href":"https:\/\/api.w.org\/{rel}","templated":true}]}}