{"id":2975,"date":"2021-09-24T14:30:37","date_gmt":"2021-09-24T17:30:37","guid":{"rendered":"http:\/\/unisonoticias.uniso.br\/?p=2975"},"modified":"2024-01-11T13:51:29","modified_gmt":"2024-01-11T16:51:29","slug":"uniso-inaugura-usina-de-energia-solar","status":"publish","type":"post","link":"https:\/\/unisonoticias.uniso.br\/index.php\/2021\/09\/24\/uniso-inaugura-usina-de-energia-solar\/","title":{"rendered":"Uniso inaugura Usina de Energia Solar"},"content":{"rendered":"\n<p>Primeiro passo rumo \u00e0 autonomia energ\u00e9tica, a Uniso ir\u00e1 inaugurar sua Usina de Energia Solar, que contempla duas esta\u00e7\u00f5es instaladas na Cidade Universit\u00e1ria. O evento acontecer\u00e1 na pr\u00f3xima ter\u00e7a-feira (28\/09), \u00e0s 9h, em uma das esta\u00e7\u00f5es, ao lado do estacionamento do Bloco E.<br>Essa \u00e9 a segunda planta, composta por 56 m\u00f3dulos que est\u00e3o no n\u00edvel do solo. A primeira das plantas, composta por 364 m\u00f3dulos de placas solares, est\u00e1 localizada em uma \u00e1rea de 1.000 m\u00b2 sobre o telhado do Apoio 4 \u2014 o pr\u00e9dio em que funciona a Cl\u00ednica Universit\u00e1ria do curso de Odontologia. As obras foram finalizadas em dezembro, sob a coordena\u00e7\u00e3o dos engenheiros Wanderlei de Jesus Pegoretti e Dawilson Menna Junior.<br>Juntas, elas somam uma capacidade de cerca de 190MWh (megawatts-hora) por ano, gerando 132 kWp, o que equivale a uma economia anual de cerca de 10% em rela\u00e7\u00e3o ao que consome o c\u00e2mpus. Essa energia seria suficiente para manter em funcionamento 3.600 l\u00e2mpadas LED de 18W durante 8 horas di\u00e1rias, 70 resid\u00eancias de 50 m2, 275 geladeiras do tipo frost-free durante 365 dias, ou 66 aparelhos de ar condicionado de 12.000 BTUs ligados durante sete horas di\u00e1rias tamb\u00e9m pelo per\u00edodo de um ano.<br>\u201cJ\u00e1 em rela\u00e7\u00e3o ao c\u00e2mpus Trujillo \u2013 que \u00e9 o outro c\u00e2mpus da Universidade \u2013, a economia seria de 72%, a t\u00edtulo de compara\u00e7\u00e3o. As plantas podem suprir metade da energia gasta pelo pr\u00e9dio da Odontologia ou duas vezes a do Hospital Veterin\u00e1rio da Universidade durante um ano\u201d, acrescenta Menna Junior, do departamento de Engenharia da Universidade, o respons\u00e1vel pelas obras.<br>Desde junho de 2020, toda a energia el\u00e9trica consumida pela Uniso vem sendo adquirida de uma empresa particular participante do Mercado Livre de Energia \u2014 como \u00e9 chamado o ambiente de negocia\u00e7\u00e3o em que o consumidor pode optar diretamente por um ou outro fornecedor de energia el\u00e9trica. Essa energia \u00e9 gerada a partir de fontes renov\u00e1veis e hoje representa uma economia de cerca de 30% em rela\u00e7\u00e3o ao que custaria por meio do fornecimento regular.<br>\u201cA ideia \u00e9 que, futuramente, toda a Universidade utilize energia de fontes renov\u00e1veis pr\u00f3prias, minimizando e eventualmente at\u00e9 excluindo o uso de qualquer energia comprada externamente. H\u00e1 uma raz\u00e3o financeira por tr\u00e1s disso, uma vez que existe uma necessidade premente de reduzir custos, mas h\u00e1 tamb\u00e9m uma mensagem institucional de orienta\u00e7\u00e3o de todas as nossas a\u00e7\u00f5es para a sustentabilidade. \u00c9 por isso, adicionalmente, que muitas das placas fotovoltaicas foram instaladas no n\u00edvel do ch\u00e3o, para que possam ser utilizadas em aula e visitadas pelos estudantes, especialmente dos cursos de Engenharia\u201d, afirma o professor doutor Rog\u00e9rio Augusto Profeta, Reitor da Uniso.<\/p>\n\n\n\n<p><strong>Com informa\u00e7\u00f5es da Revista Uniso Ci\u00eancia.<\/strong> <strong>Confira a reportagem completa:<\/strong> <a rel=\"noreferrer noopener\" href=\"https:\/\/uniso.br\/unisociencia\/r7\/energia-solar.pdf\" target=\"_blank\"><strong>https:\/\/uniso.br\/unisociencia\/r7\/energia-solar.pdf<\/strong><\/a><\/p>\n\n\n\n<p><em>Foto de capa: O Reitor da Uniso, professor Rog\u00e9rio Augusto Profeta, e o engenheiro Dawilson Menna Junior, em visita \u00e0 primeira planta fotovoltaica da Uniso<\/em> \/ <em>Paulo Ribeiro &#8211; Arquivo Uniso<\/em><br><\/p>\n","protected":false},"excerpt":{"rendered":"<p>Primeiro passo rumo \u00e0 autonomia energ\u00e9tica, a Uniso ir\u00e1 inaugurar sua Usina de Energia Solar, que contempla duas esta\u00e7\u00f5es instaladas<\/p>\n","protected":false},"author":4,"featured_media":2979,"comment_status":"closed","ping_status":"closed","sticky":false,"template":"","format":"standard","meta":{"colormag_page_container_layout":"default_layout","colormag_page_sidebar_layout":"default_layout","footnotes":""},"categories":[40,41],"tags":[],"class_list":["post-2975","post","type-post","status-publish","format-standard","has-post-thumbnail","hentry","category-ultimas-noticias","category-vida-universitaria"],"_links":{"self":[{"href":"https:\/\/unisonoticias.uniso.br\/index.php\/wp-json\/wp\/v2\/posts\/2975","targetHints":{"allow":["GET"]}}],"collection":[{"href":"https:\/\/unisonoticias.uniso.br\/index.php\/wp-json\/wp\/v2\/posts"}],"about":[{"href":"https:\/\/unisonoticias.uniso.br\/index.php\/wp-json\/wp\/v2\/types\/post"}],"author":[{"embeddable":true,"href":"https:\/\/unisonoticias.uniso.br\/index.php\/wp-json\/wp\/v2\/users\/4"}],"replies":[{"embeddable":true,"href":"https:\/\/unisonoticias.uniso.br\/index.php\/wp-json\/wp\/v2\/comments?post=2975"}],"version-history":[{"count":3,"href":"https:\/\/unisonoticias.uniso.br\/index.php\/wp-json\/wp\/v2\/posts\/2975\/revisions"}],"predecessor-version":[{"id":2982,"href":"https:\/\/unisonoticias.uniso.br\/index.php\/wp-json\/wp\/v2\/posts\/2975\/revisions\/2982"}],"wp:featuredmedia":[{"embeddable":true,"href":"https:\/\/unisonoticias.uniso.br\/index.php\/wp-json\/wp\/v2\/media\/2979"}],"wp:attachment":[{"href":"https:\/\/unisonoticias.uniso.br\/index.php\/wp-json\/wp\/v2\/media?parent=2975"}],"wp:term":[{"taxonomy":"category","embeddable":true,"href":"https:\/\/unisonoticias.uniso.br\/index.php\/wp-json\/wp\/v2\/categories?post=2975"},{"taxonomy":"post_tag","embeddable":true,"href":"https:\/\/unisonoticias.uniso.br\/index.php\/wp-json\/wp\/v2\/tags?post=2975"}],"curies":[{"name":"wp","href":"https:\/\/api.w.org\/{rel}","templated":true}]}}