{"id":2936,"date":"2021-09-20T16:49:41","date_gmt":"2021-09-20T19:49:41","guid":{"rendered":"http:\/\/unisonoticias.uniso.br\/?p=2936"},"modified":"2021-09-20T16:52:15","modified_gmt":"2021-09-20T19:52:15","slug":"pedagogia-comemora-centenario-de-paulo-freire","status":"publish","type":"post","link":"https:\/\/unisonoticias.uniso.br\/index.php\/2021\/09\/20\/pedagogia-comemora-centenario-de-paulo-freire\/","title":{"rendered":"Pedagogia comemora centen\u00e1rio de Paulo Freire"},"content":{"rendered":"\n<p>O curso de Pedagogia promover\u00e1 a aula magna \u201cO centen\u00e1rio de Paulo Freire\u201d que ser\u00e1 ministrada \u00e0s 19h pelo professor Aldo Vannucchi, Assessor Especial da Reitoria e Ouvidor da Uniso. Em seguida, \u00e0s 21h, os professores Edgar Domingo de Albuquerque e Lygia Nascimento de Almeida participar\u00e3o de uma conversa com os estudantes. O evento acontecer\u00e1 nesta ter\u00e7a-feira (21\/9), no Sal\u00e3o Vermelho do c\u00e2mpus Trujillo, com exclusividade para o Curso.<br>Paulo Freire completaria cem anos no dia 19 de setembro, data que foi marcada pela realiza\u00e7\u00e3o de v\u00e1rios eventos pelo Pa\u00eds. Ele \u00e9 um dos educadores mais respeitados mundialmente.<\/p>\n\n\n\n<p><strong>Evento em Berlim<\/strong><br>Na quinta-feira (23), o professor Rodrigo Barchi participar\u00e1 de uma mesa-redonda sobre o centen\u00e1rio de Paulo Freire, promovida pela R\u00e1dio Matraca e pelo Canal Voices de Am\u00e9rica (Nachirichtenpool LateineAmerika), da cidade de Berlim, Alemanha. O evento tamb\u00e9m homenagear\u00e1 a soci\u00f3loga&nbsp;Ilse Schimpf-Herken, fundadora o Instituto Paulo Freire alem\u00e3o, em Berlim. A transmiss\u00e3o ser\u00e1 pelo Facebook, \u00e0s 14h, hor\u00e1rio de Bras\u00edlia: <a href=\"https:\/\/fb.me\/e\/4C8R5kFic\" target=\"_blank\" rel=\"noreferrer noopener\">https:\/\/fb.me\/e\/4C8R5kFic<\/a>.<\/p>\n","protected":false},"excerpt":{"rendered":"<p>O curso de Pedagogia promover\u00e1 a aula magna \u201cO centen\u00e1rio de Paulo Freire\u201d que ser\u00e1 ministrada \u00e0s 19h pelo professor<\/p>\n","protected":false},"author":4,"featured_media":0,"comment_status":"closed","ping_status":"closed","sticky":false,"template":"","format":"standard","meta":{"colormag_page_container_layout":"default_layout","colormag_page_sidebar_layout":"default_layout","footnotes":""},"categories":[40,41],"tags":[],"class_list":["post-2936","post","type-post","status-publish","format-standard","hentry","category-ultimas-noticias","category-vida-universitaria"],"_links":{"self":[{"href":"https:\/\/unisonoticias.uniso.br\/index.php\/wp-json\/wp\/v2\/posts\/2936","targetHints":{"allow":["GET"]}}],"collection":[{"href":"https:\/\/unisonoticias.uniso.br\/index.php\/wp-json\/wp\/v2\/posts"}],"about":[{"href":"https:\/\/unisonoticias.uniso.br\/index.php\/wp-json\/wp\/v2\/types\/post"}],"author":[{"embeddable":true,"href":"https:\/\/unisonoticias.uniso.br\/index.php\/wp-json\/wp\/v2\/users\/4"}],"replies":[{"embeddable":true,"href":"https:\/\/unisonoticias.uniso.br\/index.php\/wp-json\/wp\/v2\/comments?post=2936"}],"version-history":[{"count":2,"href":"https:\/\/unisonoticias.uniso.br\/index.php\/wp-json\/wp\/v2\/posts\/2936\/revisions"}],"predecessor-version":[{"id":2938,"href":"https:\/\/unisonoticias.uniso.br\/index.php\/wp-json\/wp\/v2\/posts\/2936\/revisions\/2938"}],"wp:attachment":[{"href":"https:\/\/unisonoticias.uniso.br\/index.php\/wp-json\/wp\/v2\/media?parent=2936"}],"wp:term":[{"taxonomy":"category","embeddable":true,"href":"https:\/\/unisonoticias.uniso.br\/index.php\/wp-json\/wp\/v2\/categories?post=2936"},{"taxonomy":"post_tag","embeddable":true,"href":"https:\/\/unisonoticias.uniso.br\/index.php\/wp-json\/wp\/v2\/tags?post=2936"}],"curies":[{"name":"wp","href":"https:\/\/api.w.org\/{rel}","templated":true}]}}