{"id":2911,"date":"2021-09-17T11:35:30","date_gmt":"2021-09-17T14:35:30","guid":{"rendered":"http:\/\/unisonoticias.uniso.br\/?p=2911"},"modified":"2021-09-17T11:41:25","modified_gmt":"2021-09-17T14:41:25","slug":"inscricoes-abertas-para-o-curso-nos-por-tras-das-palavras-um-olhar-filosofico-especial","status":"publish","type":"post","link":"https:\/\/unisonoticias.uniso.br\/index.php\/2021\/09\/17\/inscricoes-abertas-para-o-curso-nos-por-tras-das-palavras-um-olhar-filosofico-especial\/","title":{"rendered":"Inscri\u00e7\u00f5es abertas para o curso \u201cN\u00f3s por tr\u00e1s das palavras, um olhar filos\u00f3fico especial\u201d"},"content":{"rendered":"\n<p>O uso da palavra oral e escrita nos mais diversos contextos, passando pela Antropologia, Filosofia, \u00c9tica e Teologia, dentre outros campos do conhecimento, \u00e9 o tema do curso de Extens\u00e3o que est\u00e1 sendo oferecido pela Uniso, aberto \u00e0 toda comunidade, a partir de 50 anos.<br>O curso \u201cN\u00f3s por tr\u00e1s das palavras, um olhar filos\u00f3fico especial\u201d foi idealizado e ser\u00e1 ministrado pelo professor Aldo Vannucchi, Assessor Especial da Reitoria e Ouvidor da Uniso. A leitura di\u00e1ria e o h\u00e1bito de fazer palavras cruzadas, intensificados durante o per\u00edodo de distanciamento decorrente da pandemia, levaram o professor a observar a variedade de situa\u00e7\u00f5es em que empregamos as palavras, no contexto social e pessoal. \u201cNa conversa, na escrita, nas mensagens, no notici\u00e1rio, nas fake news, as palavras podem nos prender e nos libertar. Da\u00ed o nome do curso, que remete \u00e0 gente como agente entrosado, intrometido nas palavras, e \u00e0 gente se libertando por meio delas\u201d, afirma o professor Aldo.<br><br><strong>Programa<\/strong><br>I O feiti\u00e7o da Palavra (Filosofia da Linguagem))<br>II Os 4 tempos da Palavra (Antropologia)<br>III A Palavra dos fil\u00f3sofos (Hist\u00f3ria da Filosofia)<br>IV A Palavra de ontem (Etimologia e Hist\u00f3ria)<br>V A Palavra hoje (\u00c9tica)<br>VI A Palavra religiosa (Teologia)<br>VII A Palavra do dia-a-dia (Filosofia aplicada)<br>VIII A Palavra popular (Filosofia impl\u00edcita)<\/p>\n\n\n\n<p><strong>Aulas presenciais<\/strong><br>O curso ser\u00e1 presencial, com aulas \u00e0s segundas-feiras e sextas-feiras, a partir de 15\/10,<br>das 16h \u00e0s 17h40, no Centro Arquidiocesano de Pastoral, localizado \u00e0 Av. Dr. Eug\u00eanio Salerno, 60, Santa Terezinha.<\/p>\n\n\n\n<p><strong>Inscri\u00e7\u00f5es<\/strong><br>As inscri\u00e7\u00f5es para o curso \u201cN\u00f3s por tr\u00e1s das palavras\u201d s\u00e3o online e podem ser realizadas de at\u00e9 10\/10, pelo link <a href=\"https:\/\/bit.ly\/3AbFEd6\" target=\"_blank\" rel=\"noreferrer noopener\">https:\/\/bit.ly\/3AbFEd6<\/a><br>O valor do curso \u00e9 R$ 200,00 e pode ser parcelado em duas vezes.<\/p>\n","protected":false},"excerpt":{"rendered":"<p>O uso da palavra oral e escrita nos mais diversos contextos, passando pela Antropologia, Filosofia, \u00c9tica e Teologia, dentre outros<\/p>\n","protected":false},"author":4,"featured_media":0,"comment_status":"closed","ping_status":"closed","sticky":false,"template":"","format":"standard","meta":{"colormag_page_container_layout":"default_layout","colormag_page_sidebar_layout":"default_layout","footnotes":""},"categories":[46,40],"tags":[],"class_list":["post-2911","post","type-post","status-publish","format-standard","hentry","category-especial","category-ultimas-noticias"],"_links":{"self":[{"href":"https:\/\/unisonoticias.uniso.br\/index.php\/wp-json\/wp\/v2\/posts\/2911","targetHints":{"allow":["GET"]}}],"collection":[{"href":"https:\/\/unisonoticias.uniso.br\/index.php\/wp-json\/wp\/v2\/posts"}],"about":[{"href":"https:\/\/unisonoticias.uniso.br\/index.php\/wp-json\/wp\/v2\/types\/post"}],"author":[{"embeddable":true,"href":"https:\/\/unisonoticias.uniso.br\/index.php\/wp-json\/wp\/v2\/users\/4"}],"replies":[{"embeddable":true,"href":"https:\/\/unisonoticias.uniso.br\/index.php\/wp-json\/wp\/v2\/comments?post=2911"}],"version-history":[{"count":2,"href":"https:\/\/unisonoticias.uniso.br\/index.php\/wp-json\/wp\/v2\/posts\/2911\/revisions"}],"predecessor-version":[{"id":2913,"href":"https:\/\/unisonoticias.uniso.br\/index.php\/wp-json\/wp\/v2\/posts\/2911\/revisions\/2913"}],"wp:attachment":[{"href":"https:\/\/unisonoticias.uniso.br\/index.php\/wp-json\/wp\/v2\/media?parent=2911"}],"wp:term":[{"taxonomy":"category","embeddable":true,"href":"https:\/\/unisonoticias.uniso.br\/index.php\/wp-json\/wp\/v2\/categories?post=2911"},{"taxonomy":"post_tag","embeddable":true,"href":"https:\/\/unisonoticias.uniso.br\/index.php\/wp-json\/wp\/v2\/tags?post=2911"}],"curies":[{"name":"wp","href":"https:\/\/api.w.org\/{rel}","templated":true}]}}