{"id":2882,"date":"2021-09-16T14:57:49","date_gmt":"2021-09-16T17:57:49","guid":{"rendered":"http:\/\/unisonoticias.uniso.br\/?p=2882"},"modified":"2021-09-30T14:14:45","modified_gmt":"2021-09-30T17:14:45","slug":"uniso-tech-novos-espacos-inaugurados","status":"publish","type":"post","link":"https:\/\/unisonoticias.uniso.br\/index.php\/2021\/09\/16\/uniso-tech-novos-espacos-inaugurados\/","title":{"rendered":"Uniso Tech: novos espa\u00e7os inaugurados"},"content":{"rendered":"\n<p>Os novos espa\u00e7os do Uniso Tech, o Parque Tecnol\u00f3gico da Universidade, est\u00e3o oficialmente abertos na Biblioteca \u201cAlu\u00edsio de Almeida\u201d da Cidade Universit\u00e1ria.<\/p>\n\n\n\n<p><strong>Inaugura\u00e7\u00e3o<\/strong><br>A inaugura\u00e7\u00e3o aconteceu nesta quarta-feira (15\/9), pela manh\u00e3, em comemora\u00e7\u00e3o aos 27 anos da Uniso, com uma cerim\u00f4nia que contou com uma homenagem ao professor Aldo Vannucchi, idealizador da Uniso. A designer Larissa Lira, formada na Uniso, criou uma arte que comp\u00f5e um dos espa\u00e7os, o Business Lab.<br>A cerim\u00f4nia de abertura teve a presen\u00e7a dos professores Rog\u00e9rio Augusto Profeta, Reitor; Fernando de S\u00e1 Del Fiol, Pr\u00f3-Reitor de Gradua\u00e7\u00e3o e Assuntos Estudantis; Jos\u00e9 Martins de Oliveira J\u00fanior, Pr\u00f3-Reitor de P\u00f3s-Gradua\u00e7\u00e3o, Pesquisa, Extens\u00e3o e Inova\u00e7\u00e3o; e Marcelo Silvani, respons\u00e1vel pelo Uniso Tech; al\u00e9m de Vilma Franzoni, Bibliotec\u00e1ria-Chefe, e do engenheiro Dawilson Menna Junior, que coordenou as obras. O evento tamb\u00e9m recebeu o presidente do Parque Tecnol\u00f3gico de Sorocaba, Nelson Tadeu Cancellara.<br>O professor Rog\u00e9rio Augusto Profeta abriu as atividades falando sobre o papel do Uniso Tech. \u201cMais alguns passos da Universidade em dire\u00e7\u00e3o \u00e0 melhor capacita\u00e7\u00e3o poss\u00edvel para nossos alunos e \u00e0 melhor integra\u00e7\u00e3o poss\u00edvel para a comunidade empresarial. Essa \u00e9 a perspectiva, fazer com que a Uniso, j\u00e1 muito inserida em Sorocaba e Regi\u00e3o, fique ainda mais presente a partir de projetos para e com as empresas\u201d, afirmou.<br>O professor Marcelo Silvani, em seguida, comentou sobre o envolvimento de muita gente da Institui\u00e7\u00e3o no desenvolvimento de cada projeto em prol de uma universidade melhor, na expectativa de que os espa\u00e7os sejam aprovados e utilizados por todos.<br>Em sua fala, o professor Aldo Vannucchi emocionou a todos relembrando o dia em que o Di\u00e1rio Oficial da Uni\u00e3o publicava a portaria de instala\u00e7\u00e3o da Uniso, h\u00e1 exatos 27 anos, no dia 15 de setembro de 1994. Refor\u00e7ou estar feliz por ver a Uniso hoje realizando sua miss\u00e3o na maior completude, olhando tanto para a \u00e1rea tecnol\u00f3gica como para a \u00e1rea humana, sobretudo da Educa\u00e7\u00e3o, ao citar tamb\u00e9m o evento que acontecer\u00e1 no c\u00e2mpus Trujillo pelo centen\u00e1rio de Paulo Freire.<\/p>\n\n\n\n<p><strong>Novos espa\u00e7os do UTech<\/strong><br>O Uniso Tech est\u00e1 organizado em quatro novos espa\u00e7os no primeiro e terceiro pisos da Biblioteca: Business Lab, Business Point, Luderia Lab e Utech Startups.<br>O Utech Startups, instalado no primeiro piso, \u00e9 destinado \u00e0s startups em est\u00e1gios iniciais, com capacidade de salas e espa\u00e7o comum de encontro e reuni\u00f5es. A recep\u00e7\u00e3o neste pavimento coordenar\u00e1 as atividades de ocupa\u00e7\u00f5es e agenda deste espa\u00e7o. O Business Point foi criado para abrigar escrit\u00f3rios de empresas e ind\u00fastrias, novos neg\u00f3cios como <em>spin offs <\/em>e outras modalidades de empresas j\u00e1 constitu\u00eddas. O espa\u00e7o conta com salas de tamanhos variados.<br>O Business Lab, junto ao Utech Startups, \u00e9 um laborat\u00f3rio de neg\u00f3cios em um espa\u00e7o organizado pela \u00e1rea de Ci\u00eancias Sociais Aplicadas, com foco na pr\u00e1tica empresarial, que reunir\u00e1 projetos dos cursos e op\u00e7\u00f5es de forma\u00e7\u00e3o. O Luderia Lab, voltado ao desenvolvimento de jogos anal\u00f3gicos, contempla jogos tradicionais de tabuleiro.<br>Outros ambientes da Universidade tamb\u00e9m j\u00e1 abrigam as atividades do Parque Tecnol\u00f3gico, como o Sthemda Lab, que ganhou novo nome: Sthemda Coworking, local preparado para receber empresas, cooperativas e associa\u00e7\u00f5es, permitindo reuni\u00f5es, encontros, eventos e outras atividades que possam articular empresas, startups e novos neg\u00f3cios no Parque.<br>O professor Rog\u00e9rio Augusto Profeta refor\u00e7a que o Uniso Tech tem a finalidade de ampliar as rela\u00e7\u00f5es entre a Uniso e as empresas, beneficiando a todos. \u201cAs empresas ter\u00e3o acesso aos laborat\u00f3rios e espa\u00e7os de aprendizagem da Uniso para desenvolver pesquisas em \u00e1reas espec\u00edficas. Os alunos poder\u00e3o participar de projetos, melhorando a aprendizagem e sendo conhecidos pelas empresas. E a sociedade poder\u00e1 contar com desenvolvimento de produtos e servi\u00e7os de primeira linha\u201d, detalha. \u201c\u00c9 uma tend\u00eancia mundial a aproxima\u00e7\u00e3o das Universidades com as empresas para desenvolver uma sociedade melhor\u201d, finaliza.<\/p>\n\n\n\n<p>Quer saber mais sobre o Parque Tecnol\u00f3gico da Uniso, acesse: <a rel=\"noreferrer noopener\" href=\"http:\/\/unisotech.uniso.br\/\" target=\"_blank\">http:\/\/unisotech.uniso.br\/<\/a>.<\/p>\n\n\n\n<p><em>Foto de Capa: Alice Arruda\/Uniso Tech<br>Galeria: Fernando Rezende, M\u00f4nica Ribeiro e Vivian Marques<\/em><\/p>\n\n\n\n<figure class=\"wp-block-gallery columns-3 is-cropped wp-block-gallery-1 is-layout-flex wp-block-gallery-is-layout-flex\"><ul class=\"blocks-gallery-grid\"><li class=\"blocks-gallery-item\"><figure><img loading=\"lazy\" decoding=\"async\" width=\"1024\" height=\"690\" src=\"https:\/\/unisonoticias.uniso.br\/wp-content\/uploads\/Captura-de-tela-2021-09-16-151732-1024x690.png\" alt=\"\" data-id=\"2888\" data-full-url=\"https:\/\/unisonoticias.uniso.br\/wp-content\/uploads\/Captura-de-tela-2021-09-16-151732.png\" data-link=\"https:\/\/unisonoticias.uniso.br\/index.php\/2021\/09\/16\/uniso-tech-novos-espacos-inaugurados\/captura-de-tela-2021-09-16-151732\/\" class=\"wp-image-2888\" srcset=\"https:\/\/unisonoticias.uniso.br\/wp-content\/uploads\/Captura-de-tela-2021-09-16-151732-1024x690.png 1024w, https:\/\/unisonoticias.uniso.br\/wp-content\/uploads\/Captura-de-tela-2021-09-16-151732-300x202.png 300w, https:\/\/unisonoticias.uniso.br\/wp-content\/uploads\/Captura-de-tela-2021-09-16-151732-768x517.png 768w, https:\/\/unisonoticias.uniso.br\/wp-content\/uploads\/Captura-de-tela-2021-09-16-151732.png 1088w\" sizes=\"auto, (max-width: 1024px) 100vw, 1024px\" \/><\/figure><\/li><li class=\"blocks-gallery-item\"><figure><img loading=\"lazy\" decoding=\"async\" width=\"1024\" height=\"681\" src=\"https:\/\/unisonoticias.uniso.br\/wp-content\/uploads\/Captura-de-tela-2021-09-16-151832-1024x681.png\" alt=\"\" data-id=\"2893\" data-full-url=\"https:\/\/unisonoticias.uniso.br\/wp-content\/uploads\/Captura-de-tela-2021-09-16-151832.png\" data-link=\"https:\/\/unisonoticias.uniso.br\/index.php\/2021\/09\/16\/uniso-tech-novos-espacos-inaugurados\/captura-de-tela-2021-09-16-151832\/\" class=\"wp-image-2893\" srcset=\"https:\/\/unisonoticias.uniso.br\/wp-content\/uploads\/Captura-de-tela-2021-09-16-151832-1024x681.png 1024w, https:\/\/unisonoticias.uniso.br\/wp-content\/uploads\/Captura-de-tela-2021-09-16-151832-300x199.png 300w, https:\/\/unisonoticias.uniso.br\/wp-content\/uploads\/Captura-de-tela-2021-09-16-151832-768x510.png 768w, https:\/\/unisonoticias.uniso.br\/wp-content\/uploads\/Captura-de-tela-2021-09-16-151832.png 1115w\" sizes=\"auto, (max-width: 1024px) 100vw, 1024px\" \/><\/figure><\/li><li class=\"blocks-gallery-item\"><figure><img loading=\"lazy\" decoding=\"async\" width=\"1024\" height=\"576\" src=\"https:\/\/unisonoticias.uniso.br\/wp-content\/uploads\/5-1024x576.jpeg\" alt=\"\" data-id=\"2886\" data-full-url=\"https:\/\/unisonoticias.uniso.br\/wp-content\/uploads\/5.jpeg\" data-link=\"https:\/\/unisonoticias.uniso.br\/index.php\/2021\/09\/16\/uniso-tech-novos-espacos-inaugurados\/5-2\/\" class=\"wp-image-2886\" srcset=\"https:\/\/unisonoticias.uniso.br\/wp-content\/uploads\/5-1024x576.jpeg 1024w, https:\/\/unisonoticias.uniso.br\/wp-content\/uploads\/5-300x169.jpeg 300w, https:\/\/unisonoticias.uniso.br\/wp-content\/uploads\/5-768x432.jpeg 768w, https:\/\/unisonoticias.uniso.br\/wp-content\/uploads\/5-1536x864.jpeg 1536w, https:\/\/unisonoticias.uniso.br\/wp-content\/uploads\/5.jpeg 1600w\" sizes=\"auto, (max-width: 1024px) 100vw, 1024px\" \/><\/figure><\/li><li class=\"blocks-gallery-item\"><figure><img loading=\"lazy\" decoding=\"async\" width=\"1024\" height=\"685\" src=\"https:\/\/unisonoticias.uniso.br\/wp-content\/uploads\/Captura-de-tela-2021-09-16-151929-1024x685.png\" alt=\"\" data-id=\"2895\" data-full-url=\"https:\/\/unisonoticias.uniso.br\/wp-content\/uploads\/Captura-de-tela-2021-09-16-151929.png\" data-link=\"https:\/\/unisonoticias.uniso.br\/index.php\/2021\/09\/16\/uniso-tech-novos-espacos-inaugurados\/captura-de-tela-2021-09-16-151929\/\" class=\"wp-image-2895\" srcset=\"https:\/\/unisonoticias.uniso.br\/wp-content\/uploads\/Captura-de-tela-2021-09-16-151929-1024x685.png 1024w, https:\/\/unisonoticias.uniso.br\/wp-content\/uploads\/Captura-de-tela-2021-09-16-151929-300x201.png 300w, https:\/\/unisonoticias.uniso.br\/wp-content\/uploads\/Captura-de-tela-2021-09-16-151929-768x514.png 768w, https:\/\/unisonoticias.uniso.br\/wp-content\/uploads\/Captura-de-tela-2021-09-16-151929.png 1112w\" sizes=\"auto, (max-width: 1024px) 100vw, 1024px\" \/><\/figure><\/li><li class=\"blocks-gallery-item\"><figure><img loading=\"lazy\" decoding=\"async\" width=\"1024\" height=\"611\" src=\"https:\/\/unisonoticias.uniso.br\/wp-content\/uploads\/3-1-1024x611.jpg\" alt=\"\" data-id=\"2885\" data-full-url=\"https:\/\/unisonoticias.uniso.br\/wp-content\/uploads\/3-1-scaled.jpg\" data-link=\"https:\/\/unisonoticias.uniso.br\/index.php\/2021\/09\/16\/uniso-tech-novos-espacos-inaugurados\/3-2\/\" class=\"wp-image-2885\" srcset=\"https:\/\/unisonoticias.uniso.br\/wp-content\/uploads\/3-1-1024x611.jpg 1024w, https:\/\/unisonoticias.uniso.br\/wp-content\/uploads\/3-1-300x179.jpg 300w, https:\/\/unisonoticias.uniso.br\/wp-content\/uploads\/3-1-768x459.jpg 768w, https:\/\/unisonoticias.uniso.br\/wp-content\/uploads\/3-1-1536x917.jpg 1536w, https:\/\/unisonoticias.uniso.br\/wp-content\/uploads\/3-1-2048x1223.jpg 2048w\" sizes=\"auto, (max-width: 1024px) 100vw, 1024px\" \/><\/figure><\/li><li class=\"blocks-gallery-item\"><figure><img loading=\"lazy\" decoding=\"async\" width=\"1024\" height=\"575\" src=\"https:\/\/unisonoticias.uniso.br\/wp-content\/uploads\/Captura-de-tela-2021-09-16-151901-1024x575.png\" alt=\"\" data-id=\"2894\" data-full-url=\"https:\/\/unisonoticias.uniso.br\/wp-content\/uploads\/Captura-de-tela-2021-09-16-151901.png\" data-link=\"https:\/\/unisonoticias.uniso.br\/index.php\/2021\/09\/16\/uniso-tech-novos-espacos-inaugurados\/captura-de-tela-2021-09-16-151901\/\" class=\"wp-image-2894\" srcset=\"https:\/\/unisonoticias.uniso.br\/wp-content\/uploads\/Captura-de-tela-2021-09-16-151901-1024x575.png 1024w, https:\/\/unisonoticias.uniso.br\/wp-content\/uploads\/Captura-de-tela-2021-09-16-151901-300x168.png 300w, https:\/\/unisonoticias.uniso.br\/wp-content\/uploads\/Captura-de-tela-2021-09-16-151901-768x431.png 768w, https:\/\/unisonoticias.uniso.br\/wp-content\/uploads\/Captura-de-tela-2021-09-16-151901.png 1314w\" sizes=\"auto, (max-width: 1024px) 100vw, 1024px\" \/><\/figure><\/li><li class=\"blocks-gallery-item\"><figure><img loading=\"lazy\" decoding=\"async\" width=\"1024\" height=\"680\" src=\"https:\/\/unisonoticias.uniso.br\/wp-content\/uploads\/Captura-de-tela-2021-09-16-151952-1024x680.png\" alt=\"\" data-id=\"2889\" data-full-url=\"https:\/\/unisonoticias.uniso.br\/wp-content\/uploads\/Captura-de-tela-2021-09-16-151952.png\" data-link=\"https:\/\/unisonoticias.uniso.br\/index.php\/2021\/09\/16\/uniso-tech-novos-espacos-inaugurados\/captura-de-tela-2021-09-16-151952\/\" class=\"wp-image-2889\" srcset=\"https:\/\/unisonoticias.uniso.br\/wp-content\/uploads\/Captura-de-tela-2021-09-16-151952-1024x680.png 1024w, https:\/\/unisonoticias.uniso.br\/wp-content\/uploads\/Captura-de-tela-2021-09-16-151952-300x199.png 300w, https:\/\/unisonoticias.uniso.br\/wp-content\/uploads\/Captura-de-tela-2021-09-16-151952-768x510.png 768w, https:\/\/unisonoticias.uniso.br\/wp-content\/uploads\/Captura-de-tela-2021-09-16-151952.png 1114w\" sizes=\"auto, (max-width: 1024px) 100vw, 1024px\" \/><\/figure><\/li><li class=\"blocks-gallery-item\"><figure><img loading=\"lazy\" decoding=\"async\" width=\"1024\" height=\"680\" src=\"https:\/\/unisonoticias.uniso.br\/wp-content\/uploads\/Captura-de-tela-2021-09-16-152019-1024x680.png\" alt=\"\" data-id=\"2890\" data-full-url=\"https:\/\/unisonoticias.uniso.br\/wp-content\/uploads\/Captura-de-tela-2021-09-16-152019.png\" data-link=\"https:\/\/unisonoticias.uniso.br\/index.php\/2021\/09\/16\/uniso-tech-novos-espacos-inaugurados\/captura-de-tela-2021-09-16-152019\/\" class=\"wp-image-2890\" srcset=\"https:\/\/unisonoticias.uniso.br\/wp-content\/uploads\/Captura-de-tela-2021-09-16-152019-1024x680.png 1024w, https:\/\/unisonoticias.uniso.br\/wp-content\/uploads\/Captura-de-tela-2021-09-16-152019-300x199.png 300w, https:\/\/unisonoticias.uniso.br\/wp-content\/uploads\/Captura-de-tela-2021-09-16-152019-768x510.png 768w, https:\/\/unisonoticias.uniso.br\/wp-content\/uploads\/Captura-de-tela-2021-09-16-152019.png 1114w\" sizes=\"auto, (max-width: 1024px) 100vw, 1024px\" \/><\/figure><\/li><li class=\"blocks-gallery-item\"><figure><img loading=\"lazy\" decoding=\"async\" width=\"1024\" height=\"685\" src=\"https:\/\/unisonoticias.uniso.br\/wp-content\/uploads\/Captura-de-tela-2021-09-16-152046-1024x685.png\" alt=\"\" data-id=\"2891\" data-full-url=\"https:\/\/unisonoticias.uniso.br\/wp-content\/uploads\/Captura-de-tela-2021-09-16-152046.png\" data-link=\"https:\/\/unisonoticias.uniso.br\/index.php\/2021\/09\/16\/uniso-tech-novos-espacos-inaugurados\/captura-de-tela-2021-09-16-152046\/\" class=\"wp-image-2891\" srcset=\"https:\/\/unisonoticias.uniso.br\/wp-content\/uploads\/Captura-de-tela-2021-09-16-152046-1024x685.png 1024w, https:\/\/unisonoticias.uniso.br\/wp-content\/uploads\/Captura-de-tela-2021-09-16-152046-300x201.png 300w, https:\/\/unisonoticias.uniso.br\/wp-content\/uploads\/Captura-de-tela-2021-09-16-152046-768x514.png 768w, https:\/\/unisonoticias.uniso.br\/wp-content\/uploads\/Captura-de-tela-2021-09-16-152046.png 1111w\" sizes=\"auto, (max-width: 1024px) 100vw, 1024px\" \/><\/figure><\/li><\/ul><\/figure>\n","protected":false},"excerpt":{"rendered":"<p>Os novos espa\u00e7os do Uniso Tech, o Parque Tecnol\u00f3gico da Universidade, est\u00e3o oficialmente abertos na Biblioteca \u201cAlu\u00edsio de Almeida\u201d da<\/p>\n","protected":false},"author":4,"featured_media":2977,"comment_status":"closed","ping_status":"closed","sticky":false,"template":"","format":"standard","meta":{"colormag_page_container_layout":"default_layout","colormag_page_sidebar_layout":"default_layout","footnotes":""},"categories":[40,41],"tags":[],"class_list":["post-2882","post","type-post","status-publish","format-standard","has-post-thumbnail","hentry","category-ultimas-noticias","category-vida-universitaria"],"_links":{"self":[{"href":"https:\/\/unisonoticias.uniso.br\/index.php\/wp-json\/wp\/v2\/posts\/2882","targetHints":{"allow":["GET"]}}],"collection":[{"href":"https:\/\/unisonoticias.uniso.br\/index.php\/wp-json\/wp\/v2\/posts"}],"about":[{"href":"https:\/\/unisonoticias.uniso.br\/index.php\/wp-json\/wp\/v2\/types\/post"}],"author":[{"embeddable":true,"href":"https:\/\/unisonoticias.uniso.br\/index.php\/wp-json\/wp\/v2\/users\/4"}],"replies":[{"embeddable":true,"href":"https:\/\/unisonoticias.uniso.br\/index.php\/wp-json\/wp\/v2\/comments?post=2882"}],"version-history":[{"count":11,"href":"https:\/\/unisonoticias.uniso.br\/index.php\/wp-json\/wp\/v2\/posts\/2882\/revisions"}],"predecessor-version":[{"id":2978,"href":"https:\/\/unisonoticias.uniso.br\/index.php\/wp-json\/wp\/v2\/posts\/2882\/revisions\/2978"}],"wp:featuredmedia":[{"embeddable":true,"href":"https:\/\/unisonoticias.uniso.br\/index.php\/wp-json\/wp\/v2\/media\/2977"}],"wp:attachment":[{"href":"https:\/\/unisonoticias.uniso.br\/index.php\/wp-json\/wp\/v2\/media?parent=2882"}],"wp:term":[{"taxonomy":"category","embeddable":true,"href":"https:\/\/unisonoticias.uniso.br\/index.php\/wp-json\/wp\/v2\/categories?post=2882"},{"taxonomy":"post_tag","embeddable":true,"href":"https:\/\/unisonoticias.uniso.br\/index.php\/wp-json\/wp\/v2\/tags?post=2882"}],"curies":[{"name":"wp","href":"https:\/\/api.w.org\/{rel}","templated":true}]}}