{"id":2851,"date":"2021-09-14T14:05:28","date_gmt":"2021-09-14T17:05:28","guid":{"rendered":"http:\/\/unisonoticias.uniso.br\/?p=2851"},"modified":"2021-09-24T14:17:11","modified_gmt":"2021-09-24T17:17:11","slug":"programa-de-bolsa-de-extensao-recebe-inscricao-ate-17-de-setembro","status":"publish","type":"post","link":"https:\/\/unisonoticias.uniso.br\/index.php\/2021\/09\/14\/programa-de-bolsa-de-extensao-recebe-inscricao-ate-17-de-setembro\/","title":{"rendered":"Programa de Bolsa de Extens\u00e3o: inscreva-se"},"content":{"rendered":"\n<p>Os alunos interessados em desenvolver projetos de interven\u00e7\u00e3o na comunidade com a orienta\u00e7\u00e3o de professores t\u00eam at\u00e9 17 de setembro para realizar a inscri\u00e7\u00e3o.<br>O Programa de Bolsa de Extens\u00e3o (Probex) est\u00e1 oferecendo bolsas para o per\u00edodo de dez meses no valor mensal de R$695,70, no per\u00edodo de 1\u00ba de outubro de 2021 a 31 de julho de 2022, conforme estabelecido em Edital. H\u00e1 vagas tamb\u00e9m para a participa\u00e7\u00e3o volunt\u00e1ria, no Programa Volunt\u00e1rio de Extens\u00e3o (Provex). <br>Para se inscrever, o aluno deve estar matriculado em qualquer curso de Gradua\u00e7\u00e3o (Bacharelados, Licenciatura e Tecnol\u00f3gicos), entre o primeiro e o antepen\u00faltimo per\u00edodos letivos. <br>O Programa tem como objetivo fortalecer a participa\u00e7\u00e3o ativa dos alunos, contribuindo para sua forma\u00e7\u00e3o e intensificando as rela\u00e7\u00f5es entre a Universidade e a Comunidade. <strong><em>Foto: Arquivo\/Ilustrativa<\/em><\/strong><\/p>\n\n\n\n<p><strong>Como participar?<\/strong><\/p>\n\n\n\n<p>&#8211; Acesse: <a rel=\"noreferrer noopener\" href=\"https:\/\/uniso.br\/home\/extensao\/probex\" data-type=\"URL\" data-id=\"https:\/\/uniso.br\/home\/extensao\/probex\" target=\"_blank\">uniso.br\/home\/extensao\/probex<\/a>. <br>&#8211; Editais 2020\/2021: confira as exig\u00eancias para participa\u00e7\u00e3o.&nbsp; <br>&#8211; Resultados: escolha seu projeto na op\u00e7\u00e3o 2020\/2021. <br>&#8211; \u00c9 permitida a inscri\u00e7\u00e3o em at\u00e9 dois projetos por aluno. <br>&#8211; Modelos de Documentos: fa\u00e7a sua inscri\u00e7\u00e3o.<br><br><strong>Prazo: <\/strong>13 a 17 de setembro<\/p>\n\n\n\n<p><strong>Informa\u00e7\u00f5es:<\/strong>&nbsp;(15) 2101-7072 ou&nbsp;probex@uniso.br.<\/p>\n\n\n\n<p><\/p>\n\n\n\n<p><\/p>\n","protected":false},"excerpt":{"rendered":"<p>Os alunos interessados em desenvolver projetos de interven\u00e7\u00e3o na comunidade com a orienta\u00e7\u00e3o de professores t\u00eam at\u00e9 17 de setembro<\/p>\n","protected":false},"author":4,"featured_media":1815,"comment_status":"closed","ping_status":"closed","sticky":false,"template":"","format":"standard","meta":{"colormag_page_container_layout":"default_layout","colormag_page_sidebar_layout":"default_layout","footnotes":""},"categories":[40,41],"tags":[],"class_list":["post-2851","post","type-post","status-publish","format-standard","has-post-thumbnail","hentry","category-ultimas-noticias","category-vida-universitaria"],"_links":{"self":[{"href":"https:\/\/unisonoticias.uniso.br\/index.php\/wp-json\/wp\/v2\/posts\/2851","targetHints":{"allow":["GET"]}}],"collection":[{"href":"https:\/\/unisonoticias.uniso.br\/index.php\/wp-json\/wp\/v2\/posts"}],"about":[{"href":"https:\/\/unisonoticias.uniso.br\/index.php\/wp-json\/wp\/v2\/types\/post"}],"author":[{"embeddable":true,"href":"https:\/\/unisonoticias.uniso.br\/index.php\/wp-json\/wp\/v2\/users\/4"}],"replies":[{"embeddable":true,"href":"https:\/\/unisonoticias.uniso.br\/index.php\/wp-json\/wp\/v2\/comments?post=2851"}],"version-history":[{"count":13,"href":"https:\/\/unisonoticias.uniso.br\/index.php\/wp-json\/wp\/v2\/posts\/2851\/revisions"}],"predecessor-version":[{"id":2974,"href":"https:\/\/unisonoticias.uniso.br\/index.php\/wp-json\/wp\/v2\/posts\/2851\/revisions\/2974"}],"wp:featuredmedia":[{"embeddable":true,"href":"https:\/\/unisonoticias.uniso.br\/index.php\/wp-json\/wp\/v2\/media\/1815"}],"wp:attachment":[{"href":"https:\/\/unisonoticias.uniso.br\/index.php\/wp-json\/wp\/v2\/media?parent=2851"}],"wp:term":[{"taxonomy":"category","embeddable":true,"href":"https:\/\/unisonoticias.uniso.br\/index.php\/wp-json\/wp\/v2\/categories?post=2851"},{"taxonomy":"post_tag","embeddable":true,"href":"https:\/\/unisonoticias.uniso.br\/index.php\/wp-json\/wp\/v2\/tags?post=2851"}],"curies":[{"name":"wp","href":"https:\/\/api.w.org\/{rel}","templated":true}]}}