{"id":2823,"date":"2021-09-10T15:23:27","date_gmt":"2021-09-10T18:23:27","guid":{"rendered":"http:\/\/unisonoticias.uniso.br\/?p=2823"},"modified":"2021-09-30T13:53:25","modified_gmt":"2021-09-30T16:53:25","slug":"alunos-em-acao-incendio-em-parque-e-oncas-pardas-mortas","status":"publish","type":"post","link":"https:\/\/unisonoticias.uniso.br\/index.php\/2021\/09\/10\/alunos-em-acao-incendio-em-parque-e-oncas-pardas-mortas\/","title":{"rendered":"Alunos realizam a\u00e7\u00f5es em campo"},"content":{"rendered":"\n<p>As \u00faltimas semanas foram movimentadas para o curso de Medicina Veterin\u00e1ria, que participou das a\u00e7\u00f5es de combate ao inc\u00eandio realizadas no Parque Estadual do Juquery, al\u00e9m de ter realizado exames de duas on\u00e7as-pardas mortas em acidentes em Sorocaba, em parceria com o curso de Ci\u00eancias Biol\u00f3gicas.<\/p>\n\n\n\n<p><strong>Parque Estadual do Juquery<\/strong><br>O Grupo de Estudos de Resgate T\u00e9cnico Animal da Uniso (GERTA) participou das a\u00e7\u00f5es realizadas no Parque Estadual do Juquery, em virtude do inc\u00eandio que consumiu 53% da \u00e1rea verde. <br>O grupo, que faz parte das atividades do curso de Medicina Veterin\u00e1ria, deu suporte ao Posto de Comando Veterin\u00e1rio, atuando em atividades burocr\u00e1ticas, realizando o monitoramento dos animais nas \u00e1reas queimadas, fazendo o resgate t\u00e9cnico e coordenando os atendimentos emergenciais e o manejo de cad\u00e1veres dos animais.<br>O professor Leonardo Maggio de Castro, que coordena o grupo, comenta que essa atividade permitiu ao grupo vivenciar uma ocorr\u00eancia real, as din\u00e2micas de como funciona o gerenciamento de incidentes e os desafios atribu\u00eddos dentro de um bioma do cerrado, com fogo de grandes propor\u00e7\u00f5es.<br>O Parque Estadual de Juquery est\u00e1 localizado nos munic\u00edpios de Caieiras e Franco da Rocha, abrigando o \u00faltimo grande remanescente de Cerrado na Regi\u00e3o Metropolitana de S\u00e3o Paulo, criado para conservar mata nativa e \u00e1reas de mananciais do Sistema Cantareira. O trabalho foi realizado nos dias 23 e 24 de agosto.<\/p>\n\n\n\n<p><strong>On\u00e7as-pardas em Sorocaba<\/strong><br>Duas on\u00e7as pardas mortas em acidente em Sorocaba movimentaram os cursos de Medicina Veterin\u00e1ria e Ci\u00eancias Biol\u00f3gicas no dia 31 de agosto. Os animais foram encaminhados ao Hospital Veterin\u00e1rio da Uniso para exames <em>post mortem<\/em>, que confirmaram fraturas \u00f3sseas e hemorragia interna como causas da morte.<br>A necropsia e a coleta de material biol\u00f3gico dos animais foram realizadas pelo Grupo de Estudo de Animais Selvagens (GEAS), professores, m\u00e9dicos veterin\u00e1rios residentes, servidores e alunos de Medicina Veterin\u00e1ria e Ci\u00eancias Biol\u00f3gicas, durante horas exaustivas de trabalho, que resultaram numa troca de conhecimentos e uma viv\u00eancia estudantil espetacular.<br>O professor Rodrigo Teixeira, que coordenou as atividades, comenta que esse momento tamb\u00e9m serve para gerar conhecimento, coletar informa\u00e7\u00f5es sobre a esp\u00e9cie e documentar por meio de laudos e relat\u00f3rios. \u201cO inusitado acidente duplo que vitimou as on\u00e7as-pardas causou enorme preocupa\u00e7\u00e3o em rela\u00e7\u00e3o \u00e0 biodiversidade da Regi\u00e3o gerando questionamentos. Ser\u00e1 que as duas \u00faltimas on\u00e7as-pardas da regi\u00e3o morreram no mesmo dia? Ou a popula\u00e7\u00e3o de on\u00e7as-pardas est\u00e1 muito representada na regi\u00e3o?\u201d, conclui.<\/p>\n","protected":false},"excerpt":{"rendered":"<p>As \u00faltimas semanas foram movimentadas para o curso de Medicina Veterin\u00e1ria, que participou das a\u00e7\u00f5es de combate ao inc\u00eandio realizadas<\/p>\n","protected":false},"author":4,"featured_media":2828,"comment_status":"closed","ping_status":"closed","sticky":false,"template":"","format":"standard","meta":{"colormag_page_container_layout":"default_layout","colormag_page_sidebar_layout":"default_layout","footnotes":""},"categories":[40,41],"tags":[],"class_list":["post-2823","post","type-post","status-publish","format-standard","has-post-thumbnail","hentry","category-ultimas-noticias","category-vida-universitaria"],"_links":{"self":[{"href":"https:\/\/unisonoticias.uniso.br\/index.php\/wp-json\/wp\/v2\/posts\/2823","targetHints":{"allow":["GET"]}}],"collection":[{"href":"https:\/\/unisonoticias.uniso.br\/index.php\/wp-json\/wp\/v2\/posts"}],"about":[{"href":"https:\/\/unisonoticias.uniso.br\/index.php\/wp-json\/wp\/v2\/types\/post"}],"author":[{"embeddable":true,"href":"https:\/\/unisonoticias.uniso.br\/index.php\/wp-json\/wp\/v2\/users\/4"}],"replies":[{"embeddable":true,"href":"https:\/\/unisonoticias.uniso.br\/index.php\/wp-json\/wp\/v2\/comments?post=2823"}],"version-history":[{"count":7,"href":"https:\/\/unisonoticias.uniso.br\/index.php\/wp-json\/wp\/v2\/posts\/2823\/revisions"}],"predecessor-version":[{"id":2869,"href":"https:\/\/unisonoticias.uniso.br\/index.php\/wp-json\/wp\/v2\/posts\/2823\/revisions\/2869"}],"wp:featuredmedia":[{"embeddable":true,"href":"https:\/\/unisonoticias.uniso.br\/index.php\/wp-json\/wp\/v2\/media\/2828"}],"wp:attachment":[{"href":"https:\/\/unisonoticias.uniso.br\/index.php\/wp-json\/wp\/v2\/media?parent=2823"}],"wp:term":[{"taxonomy":"category","embeddable":true,"href":"https:\/\/unisonoticias.uniso.br\/index.php\/wp-json\/wp\/v2\/categories?post=2823"},{"taxonomy":"post_tag","embeddable":true,"href":"https:\/\/unisonoticias.uniso.br\/index.php\/wp-json\/wp\/v2\/tags?post=2823"}],"curies":[{"name":"wp","href":"https:\/\/api.w.org\/{rel}","templated":true}]}}