{"id":2796,"date":"2021-09-08T17:29:00","date_gmt":"2021-09-08T20:29:00","guid":{"rendered":"http:\/\/unisonoticias.uniso.br\/?p=2796"},"modified":"2021-09-14T14:18:05","modified_gmt":"2021-09-14T17:18:05","slug":"projetos-de-arquitetura-sao-selecionados-por-orgaos-nacional-e-estadual","status":"publish","type":"post","link":"https:\/\/unisonoticias.uniso.br\/index.php\/2021\/09\/08\/projetos-de-arquitetura-sao-selecionados-por-orgaos-nacional-e-estadual\/","title":{"rendered":"Arquitetura tem projetos selecionados"},"content":{"rendered":"\n<p>A Associa\u00e7\u00e3o Brasileira de Ensino de Arquitetura e Urbanismo (ABEA) selecionou quatro Trabalhos Finais de Gradua\u00e7\u00e3o (TGFs) do curso de Arquitetura e Urbanismo da Uniso, dentre os 13 trabalhos escolhidos para participar do Projeto Novos Olhares, que apresenta trabalhos acad\u00eamicos de todo o Pa\u00eds nas m\u00eddias sociais.<br>Outro projeto tamb\u00e9m foi selecionado pelo Conselho de Arquitetura e Urbanismo de S\u00e3o Paulo (CAU\/SP) para participar do evento &#8220;UIA2021: Rio em di\u00e1logo com o Territ\u00f3rio Paulista&#8221;. Julia Mira dos Santos apresentou o trabalho \u201cArquitetura ef\u00eamera como ferramenta de democratiza\u00e7\u00e3o do acesso \u00e0 cultura\u201d.<br>As duas iniciativas levaram em considera\u00e7\u00e3o propostas que se relacionassem com eixos do 27\u00ba Congresso Mundial de Arquitetos UIA2021RIO: \u201cMudan\u00e7as e Emerg\u00eancias\u201d, \u201cTransitoriedades e Fluxos\u201d, \u201cFragilidades e Desigualdades\u201d, \u201cDiversidade e Mistura\u201d.<br>Conforme divulgado pela ABEA, os temas dos projetos surpreenderam pela variedade e pela diversidade. \u201cA Comiss\u00e3o Julgadora encarou o desafio de avaliar propostas t\u00e3o diversas com muita satisfa\u00e7\u00e3o porque as propostas demonstraram claramente a liberdade que o(a)s futuro(a)s arquiteto(a)s e urbanistas t\u00eam adquirido dentro dos seus respectivos cursos para ampliarem o horizonte de sua forma\u00e7\u00e3o com temas inovadores&#8230;\u201d<br>A coordenadora do curso da Uniso, professora Paola de Oliveira Jaekel, comenta que essa sele\u00e7\u00e3o certifica como as pesquisas em projetos arquitet\u00f4nicos e urban\u00edsticos desenvolvidas na Uniso est\u00e3o coerentes com as discuss\u00f5es atuais.<\/p>\n\n\n\n<p><strong>Projetos Selecionados<\/strong><br><em>Confira os projetos selecionados do curso de Arquitetura e Urbanismo da Uniso, com os pareceres do j\u00fari.<\/em><\/p>\n\n\n\n<p><strong>MUDAN\u00c7AS E EMERG\u00caNCIAS<\/strong><\/p>\n\n\n\n<p><strong>Juliano La Rubia Salgado<\/strong><br>Reorganiza\u00e7\u00e3o log\u00edstica e ressignifica\u00e7\u00e3o do lugar: Ceagesp Sorocaba<br>\u201cProposta com estudos dos aspectos do lugar que influenciam o conforto do edif\u00edcio resultando em solu\u00e7\u00f5es arquitet\u00f4nicas elementares, mas corretas. A solu\u00e7\u00e3o \u00e9 de sens\u00edvel leitura e interpreta\u00e7\u00e3o do lugar, resultando em tect\u00f4nica e forma pertinentes e adequadas ao problema proposto.\u201d<br>Conhe\u00e7a o projeto (ABEA): <a href=\"https:\/\/www.instagram.com\/p\/CQ4RtvYpczL\/\" target=\"_blank\" rel=\"noreferrer noopener\">https:\/\/www.instagram.com\/p\/CQ4RtvYpczL\/<\/a><br>Entrevista AU Uniso: <a href=\"https:\/\/www.instagram.com\/tv\/CSuGMmelQVr\/?utm_medium=copy_link\" target=\"_blank\" rel=\"noreferrer noopener\">https:\/\/www.instagram.com\/tv\/CSuGMmelQVr\/?utm_medium=copy_link<\/a><\/p>\n\n\n\n<p><strong>TRANSITORIEDADES E FLUXOS<\/strong><\/p>\n\n\n\n<p><strong>Alecsander Alves de Souza<\/strong><br> Eixo de mobilidade RMS- Portal 7 <br>\u201cTema de grande relev\u00e2ncia para a mobilidade urbana. Solu\u00e7\u00f5es multifuncionais e de fortalecimento das localidades envolvidas. Proposta projetual bem desenvolvida, detalhada e apresentada.\u201d<br>Conhe\u00e7a o projeto (ABEA): <a rel=\"noreferrer noopener\" href=\"https:\/\/www.instagram.com\/p\/CQ7CdmMlCOH\/\" target=\"_blank\">https:\/\/www.instagram.com\/p\/CQ7CdmMlCOH\/<\/a><br>Entrevista AU Uniso: <a rel=\"noreferrer noopener\" href=\"https:\/\/www.instagram.com\/tv\/CSwoD0mAQ_z\/?utm_medium=copy_link\" target=\"_blank\">https:\/\/www.instagram.com\/tv\/CSwoD0mAQ_z\/?utm_medium=copy_link<\/a><\/p>\n\n\n\n<p><strong>FRAGILIDADES E DESIGUALDADES<\/strong><\/p>\n\n\n\n<p><strong>Clauthion Gomide Passos<\/strong><br>Habita\u00e7\u00e3o Social como Mecanismo de Integra\u00e7\u00e3o<br>\u201cO projeto intitulado \u2018Habita\u00e7\u00e3o Social como Mecanismo de Integra\u00e7\u00e3o: Vila Esperan\u00e7a\u2019 articula o protagonismo da comunidade e as grada\u00e7\u00f5es entre espa\u00e7o p\u00fabico e espa\u00e7o privado. A implanta\u00e7\u00e3o integra a habita\u00e7\u00e3o \u00e0 arquitetura da paisagem e potencializa os condicionantes bioclim\u00e1ticos do s\u00edtio. A proposta tamb\u00e9m eleva a constru\u00e7\u00e3o de baixo custo a uma manifesta\u00e7\u00e3o cultural popular, al\u00e9m de lhe conferir alto valor simb\u00f3lico pela marca\u00e7\u00e3o crom\u00e1tica dos seus complexos conjuntos multifamiliares.\u201d<br>Conhe\u00e7a o projeto (ABEA): <a href=\"https:\/\/www.instagram.com\/p\/CNx_g63F5DF\/\" target=\"_blank\" rel=\"noreferrer noopener\">https:\/\/www.instagram.com\/p\/CNx_g63F5DF\/<\/a><br>Entrevista AU Uniso: <a href=\"https:\/\/www.instagram.com\/tv\/CSzW3YOg6si\/?utm_medium=copy_link\" target=\"_blank\" rel=\"noreferrer noopener\">https:\/\/www.instagram.com\/tv\/CSzW3YOg6si\/?utm_medium=copy_link<\/a><\/p>\n\n\n\n<p><strong>DIVERSIDADE E MISTURA<\/strong><\/p>\n\n\n\n<p><strong>Amanda Gomes Jesus<\/strong><br>Requalifica\u00e7\u00e3o Socioespacial nos Centros Hist\u00f3ricos das grandes cidades atrav\u00e9s da multiplicidade de usos (Complexo Multifuncional \u2013 Coworking, Cultura e Habita\u00e7\u00e3o)<br>\u201cO projeto \u00e9 bem articulado e a pra\u00e7a criada entre os blocos favorece a interliga\u00e7\u00e3o e valoriza os equipamentos de valor hist\u00f3rico vizinhos. A materialidade revela aten\u00e7\u00e3o aos princ\u00edpios bioclim\u00e1ticos e constitui boa express\u00e3o formal.\u201d<br>Conhe\u00e7a o projeto (ABEA): <a href=\"https:\/\/www.instagram.com\/p\/CN3R9mWFzdV\/\" target=\"_blank\" rel=\"noreferrer noopener\">https:\/\/www.instagram.com\/p\/CN3R9mWFzdV\/<\/a><br>Entrevista AU Uniso: <a href=\"https:\/\/www.instagram.com\/tv\/CS174svASOF\/?utm_medium=copy_link\" target=\"_blank\" rel=\"noreferrer noopener\">https:\/\/www.instagram.com\/tv\/CS174svASOF\/?utm_medium=copy_link<\/a><\/p>\n\n\n\n<p><strong>TRANSITORIEDADES E FLUXOS<\/strong><\/p>\n\n\n\n<p>Apresenta\u00e7\u00e3o de Trabalho &#8211; <strong>Julia Mira dos Santos<\/strong><br>UIA2021 Rio em di\u00e1logo com o Territ\u00f3rio Paulista<br>Trabalho \u201cArquitetura ef\u00eamera como ferramenta de democratiza\u00e7\u00e3o do acesso \u00e0 cultura\u201d<br>Entrevista AU Uniso: <a href=\"https:\/\/www.instagram.com\/tv\/CS44-A_pZJ4\/?utm_medium=copy_link\" target=\"_blank\" rel=\"noreferrer noopener\">https:\/\/www.instagram.com\/tv\/CS44-A_pZJ4\/?utm_medium=copy_link<\/a><\/p>\n\n\n\n<p><strong>PROJETOS COM MEN\u00c7\u00c3O HONROSA<\/strong> <br>Acesse: <a href=\"https:\/\/www.instagram.com\/tv\/CS7RZ1AJ0HS\/?utm_medium=copy_link\" target=\"_blank\" rel=\"noreferrer noopener\">https:\/\/www.instagram.com\/tv\/CS7RZ1AJ0HS\/?utm_medium=copy_link<\/a><br><\/p>\n\n\n\n<figure class=\"wp-block-gallery columns-3 is-cropped wp-block-gallery-1 is-layout-flex wp-block-gallery-is-layout-flex\"><ul class=\"blocks-gallery-grid\"><li class=\"blocks-gallery-item\"><figure><img loading=\"lazy\" decoding=\"async\" width=\"526\" height=\"534\" src=\"https:\/\/unisonoticias.uniso.br\/wp-content\/uploads\/juliano.png\" alt=\"\" data-id=\"2802\" data-full-url=\"https:\/\/unisonoticias.uniso.br\/wp-content\/uploads\/juliano.png\" data-link=\"https:\/\/unisonoticias.uniso.br\/?attachment_id=2802\" class=\"wp-image-2802\" srcset=\"https:\/\/unisonoticias.uniso.br\/wp-content\/uploads\/juliano.png 526w, https:\/\/unisonoticias.uniso.br\/wp-content\/uploads\/juliano-296x300.png 296w\" sizes=\"auto, (max-width: 526px) 100vw, 526px\" \/><\/figure><\/li><li class=\"blocks-gallery-item\"><figure><img loading=\"lazy\" decoding=\"async\" width=\"382\" height=\"213\" src=\"https:\/\/unisonoticias.uniso.br\/wp-content\/uploads\/julia.png\" alt=\"\" data-id=\"2801\" data-full-url=\"https:\/\/unisonoticias.uniso.br\/wp-content\/uploads\/julia.png\" data-link=\"https:\/\/unisonoticias.uniso.br\/?attachment_id=2801\" class=\"wp-image-2801\" srcset=\"https:\/\/unisonoticias.uniso.br\/wp-content\/uploads\/julia.png 382w, https:\/\/unisonoticias.uniso.br\/wp-content\/uploads\/julia-300x167.png 300w\" sizes=\"auto, (max-width: 382px) 100vw, 382px\" \/><\/figure><\/li><li class=\"blocks-gallery-item\"><figure><img loading=\"lazy\" decoding=\"async\" width=\"526\" height=\"527\" src=\"https:\/\/unisonoticias.uniso.br\/wp-content\/uploads\/clauthion.png\" alt=\"\" data-id=\"2800\" data-full-url=\"https:\/\/unisonoticias.uniso.br\/wp-content\/uploads\/clauthion.png\" data-link=\"https:\/\/unisonoticias.uniso.br\/?attachment_id=2800\" class=\"wp-image-2800\" srcset=\"https:\/\/unisonoticias.uniso.br\/wp-content\/uploads\/clauthion.png 526w, https:\/\/unisonoticias.uniso.br\/wp-content\/uploads\/clauthion-300x300.png 300w, https:\/\/unisonoticias.uniso.br\/wp-content\/uploads\/clauthion-150x150.png 150w\" sizes=\"auto, (max-width: 526px) 100vw, 526px\" \/><\/figure><\/li><li class=\"blocks-gallery-item\"><figure><img loading=\"lazy\" decoding=\"async\" width=\"378\" height=\"499\" src=\"https:\/\/unisonoticias.uniso.br\/wp-content\/uploads\/amanda.png\" alt=\"\" data-id=\"2799\" data-full-url=\"https:\/\/unisonoticias.uniso.br\/wp-content\/uploads\/amanda.png\" data-link=\"https:\/\/unisonoticias.uniso.br\/?attachment_id=2799\" class=\"wp-image-2799\" srcset=\"https:\/\/unisonoticias.uniso.br\/wp-content\/uploads\/amanda.png 378w, https:\/\/unisonoticias.uniso.br\/wp-content\/uploads\/amanda-227x300.png 227w\" sizes=\"auto, (max-width: 378px) 100vw, 378px\" \/><\/figure><\/li><li class=\"blocks-gallery-item\"><figure><img loading=\"lazy\" decoding=\"async\" width=\"527\" height=\"540\" src=\"https:\/\/unisonoticias.uniso.br\/wp-content\/uploads\/alecsander-1.png\" alt=\"\" data-id=\"2798\" data-full-url=\"https:\/\/unisonoticias.uniso.br\/wp-content\/uploads\/alecsander-1.png\" data-link=\"https:\/\/unisonoticias.uniso.br\/?attachment_id=2798\" class=\"wp-image-2798\" srcset=\"https:\/\/unisonoticias.uniso.br\/wp-content\/uploads\/alecsander-1.png 527w, https:\/\/unisonoticias.uniso.br\/wp-content\/uploads\/alecsander-1-293x300.png 293w\" sizes=\"auto, (max-width: 527px) 100vw, 527px\" \/><\/figure><\/li><\/ul><\/figure>\n","protected":false},"excerpt":{"rendered":"<p>A Associa\u00e7\u00e3o Brasileira de Ensino de Arquitetura e Urbanismo (ABEA) selecionou quatro Trabalhos Finais de Gradua\u00e7\u00e3o (TGFs) do curso de<\/p>\n","protected":false},"author":4,"featured_media":0,"comment_status":"closed","ping_status":"closed","sticky":false,"template":"","format":"standard","meta":{"colormag_page_container_layout":"default_layout","colormag_page_sidebar_layout":"default_layout","footnotes":""},"categories":[46,40,41],"tags":[],"class_list":["post-2796","post","type-post","status-publish","format-standard","hentry","category-especial","category-ultimas-noticias","category-vida-universitaria"],"_links":{"self":[{"href":"https:\/\/unisonoticias.uniso.br\/index.php\/wp-json\/wp\/v2\/posts\/2796","targetHints":{"allow":["GET"]}}],"collection":[{"href":"https:\/\/unisonoticias.uniso.br\/index.php\/wp-json\/wp\/v2\/posts"}],"about":[{"href":"https:\/\/unisonoticias.uniso.br\/index.php\/wp-json\/wp\/v2\/types\/post"}],"author":[{"embeddable":true,"href":"https:\/\/unisonoticias.uniso.br\/index.php\/wp-json\/wp\/v2\/users\/4"}],"replies":[{"embeddable":true,"href":"https:\/\/unisonoticias.uniso.br\/index.php\/wp-json\/wp\/v2\/comments?post=2796"}],"version-history":[{"count":3,"href":"https:\/\/unisonoticias.uniso.br\/index.php\/wp-json\/wp\/v2\/posts\/2796\/revisions"}],"predecessor-version":[{"id":2827,"href":"https:\/\/unisonoticias.uniso.br\/index.php\/wp-json\/wp\/v2\/posts\/2796\/revisions\/2827"}],"wp:attachment":[{"href":"https:\/\/unisonoticias.uniso.br\/index.php\/wp-json\/wp\/v2\/media?parent=2796"}],"wp:term":[{"taxonomy":"category","embeddable":true,"href":"https:\/\/unisonoticias.uniso.br\/index.php\/wp-json\/wp\/v2\/categories?post=2796"},{"taxonomy":"post_tag","embeddable":true,"href":"https:\/\/unisonoticias.uniso.br\/index.php\/wp-json\/wp\/v2\/tags?post=2796"}],"curies":[{"name":"wp","href":"https:\/\/api.w.org\/{rel}","templated":true}]}}