{"id":2779,"date":"2021-08-31T16:59:48","date_gmt":"2021-08-31T19:59:48","guid":{"rendered":"http:\/\/unisonoticias.uniso.br\/?p=2779"},"modified":"2021-09-10T15:29:00","modified_gmt":"2021-09-10T18:29:00","slug":"cineclube-letras-pos-uniso-segundo-semestre","status":"publish","type":"post","link":"https:\/\/unisonoticias.uniso.br\/index.php\/2021\/08\/31\/cineclube-letras-pos-uniso-segundo-semestre\/","title":{"rendered":"Cineclube Letras-P\u00f3s Uniso: segundo semestre"},"content":{"rendered":"\n<p>O Cineclube Letras-P\u00f3s Uniso deu in\u00edcio \u00e0 programa\u00e7\u00e3o do segundo semestre, com sess\u00f5es que prosseguem at\u00e9 novembro, no formato online. Os encontros acontecem quinzenalmente, das 15h \u00e0s 18h, com exibi\u00e7\u00e3o de filme, seguida de debate com convidados. A participa\u00e7\u00e3o \u00e9 aberta a todos os interessados, com entrega de certificados.<br>A realiza\u00e7\u00e3o \u00e9 do curso de Letras: Portugu\u00eas\/Ingl\u00eas (Cineclube\u00a0de Letras)\u00a0e do Programa de P\u00f3s-Gradua\u00e7\u00e3o em Comunica\u00e7\u00e3o e Cultura \u2013 Mestrado e Doutorado (Cinep\u00f3s) da Uniso, com apoio da Coordena\u00e7\u00e3o de Aperfei\u00e7oamento de Pessoal de N\u00edvel Superior \u2013 Brasil (CAPES).<br>O trabalho de media\u00e7\u00e3o \u00e9 realizado pela professora e mestranda Tatiana Veronezzi, sob orienta\u00e7\u00e3o da professora doutora M\u00edriam Cristina Carlos Silva.<br>Acesso ao evento: <a href=\"https:\/\/discord.gg\/dgcqZYpq\" target=\"_blank\" rel=\"noreferrer noopener\">https:\/\/discord.gg\/dgcqZYpq<\/a><\/p>\n\n\n\n<p><strong>Participe:<\/strong><br>Filme com Roda de Conversa<br>Hor\u00e1rio: 15h \u00e0s 18h<br>Aberto ao p\u00fablico, com certificado aos participantes<br>Acesso: <a rel=\"noreferrer noopener\" href=\"https:\/\/meet.google.com\/unh-fcio-rhz\" target=\"_blank\">https:\/\/discord.gg\/dgcqZYpq<\/a><\/p>\n\n\n\n<p><strong>Realiza\u00e7\u00e3o<\/strong>:<br>Curso de Letras: Portugu\u00eas\/Ingl\u00eas (Cineclube&nbsp;de Letras)&nbsp;<br>Programa de P\u00f3s-Gradua\u00e7\u00e3o em Comunica\u00e7\u00e3o e Cultura \u2013 Mestrado e Doutorado (Cinep\u00f3s)<br>Media\u00e7\u00e3o: professora e mestranda Tatiana Veronezzi, sob orienta\u00e7\u00e3o da professora Miriam Cristina Carlos da Silva&nbsp;<br>Apoio:&nbsp;Coordena\u00e7\u00e3o de Aperfei\u00e7oamento de Pessoal de N\u00edvel Superior \u2013 Brasil (CAPES)&nbsp;<\/p>\n\n\n\n<p><strong>Informa\u00e7\u00f5es<\/strong>:<br>Instagram: <a rel=\"noreferrer noopener\" href=\"https:\/\/www.instagram.com\/letras.uniso\/\" data-type=\"URL\" data-id=\"https:\/\/www.instagram.com\/letras.uniso\/\" target=\"_blank\">letras.uniso<\/a><br>Whatsapp: 99767-8007 &#8211; Tatiana Veronezzi<\/p>\n\n\n\n<p><strong>Programa\u00e7\u00e3o<\/strong>:<\/p>\n\n\n\n<p><strong>28 de agosto<\/strong><br>Filme \u201cDemocracia em Vertigem\u201d \/ Dire\u00e7\u00e3o: Petra Costa<br>Mediadora e debatedora: Professora e mestranda Tatiana Veronezzi<\/p>\n\n\n\n<p><strong>11 de setembro<\/strong><br>Filme \u201cJanela Indiscreta\u201d \/ dire\u00e7\u00e3o: Alfred Hitchcock<br>Mediadora: Professora e mestranda Tatiana Veronezzi<br>Convidado: Doutorando e mestre Jo\u00e3o Paulo Reis<\/p>\n\n\n\n<p><strong>25 de setembro<\/strong><br>Document\u00e1rio \u201cFala Tu \u2013 Tr\u00eas Vidas, realidade e sonho\u201d<br>Mediadora: Professora e mestranda Tatiana Veronezzi<br>Convidada: Professora doutora Th\u00edfani Postali<\/p>\n\n\n\n<p><strong>9 de outubro<\/strong><br>Filme \u201cDurval Discos\u201d \/ dire\u00e7\u00e3o de Anna Muyllaert<br>Mediadora e debatedora: Professora e mestranda Tatiana Veronezzi<\/p>\n\n\n\n<p><strong>23 de outubro<\/strong><br>Document\u00e1rio \u201cFavela no Ar\u201d<br>Mediadora: Professora e mestranda Tatiana Veronezzi<br>Convidada: Professora doutora Th\u00edfani Postali<\/p>\n\n\n\n<p><strong>6 de novembro<\/strong><br>Epis\u00f3dios da s\u00e9rie Anne With An E<br>Mediadora: Professora e mestranda Tatiana Veronezzi<br>Convidada: Professora mestranda Luise Mariano<\/p>\n\n\n\n<p><strong>20 de novembro<\/strong><br>Document\u00e1rio \u201cAqui Favela, o Rap Representa\u201d<br>Mediadora: Professora e mestranda Tatiana Veronezzi<br>Convidada: Professora doutora Th\u00edfani Postali<\/p>\n","protected":false},"excerpt":{"rendered":"<p>O Cineclube Letras-P\u00f3s Uniso deu in\u00edcio \u00e0 programa\u00e7\u00e3o do segundo semestre, com sess\u00f5es que prosseguem at\u00e9 novembro, no formato online.<\/p>\n","protected":false},"author":4,"featured_media":0,"comment_status":"closed","ping_status":"closed","sticky":false,"template":"","format":"standard","meta":{"colormag_page_container_layout":"default_layout","colormag_page_sidebar_layout":"default_layout","footnotes":""},"categories":[40,41],"tags":[],"class_list":["post-2779","post","type-post","status-publish","format-standard","hentry","category-ultimas-noticias","category-vida-universitaria"],"_links":{"self":[{"href":"https:\/\/unisonoticias.uniso.br\/index.php\/wp-json\/wp\/v2\/posts\/2779","targetHints":{"allow":["GET"]}}],"collection":[{"href":"https:\/\/unisonoticias.uniso.br\/index.php\/wp-json\/wp\/v2\/posts"}],"about":[{"href":"https:\/\/unisonoticias.uniso.br\/index.php\/wp-json\/wp\/v2\/types\/post"}],"author":[{"embeddable":true,"href":"https:\/\/unisonoticias.uniso.br\/index.php\/wp-json\/wp\/v2\/users\/4"}],"replies":[{"embeddable":true,"href":"https:\/\/unisonoticias.uniso.br\/index.php\/wp-json\/wp\/v2\/comments?post=2779"}],"version-history":[{"count":5,"href":"https:\/\/unisonoticias.uniso.br\/index.php\/wp-json\/wp\/v2\/posts\/2779\/revisions"}],"predecessor-version":[{"id":2830,"href":"https:\/\/unisonoticias.uniso.br\/index.php\/wp-json\/wp\/v2\/posts\/2779\/revisions\/2830"}],"wp:attachment":[{"href":"https:\/\/unisonoticias.uniso.br\/index.php\/wp-json\/wp\/v2\/media?parent=2779"}],"wp:term":[{"taxonomy":"category","embeddable":true,"href":"https:\/\/unisonoticias.uniso.br\/index.php\/wp-json\/wp\/v2\/categories?post=2779"},{"taxonomy":"post_tag","embeddable":true,"href":"https:\/\/unisonoticias.uniso.br\/index.php\/wp-json\/wp\/v2\/tags?post=2779"}],"curies":[{"name":"wp","href":"https:\/\/api.w.org\/{rel}","templated":true}]}}