{"id":2729,"date":"2021-08-06T14:46:00","date_gmt":"2021-08-06T17:46:00","guid":{"rendered":"http:\/\/unisonoticias.uniso.br\/?p=2729"},"modified":"2021-08-25T14:47:36","modified_gmt":"2021-08-25T17:47:36","slug":"aulas-comecam-em-9-de-agosto","status":"publish","type":"post","link":"https:\/\/unisonoticias.uniso.br\/index.php\/2021\/08\/06\/aulas-comecam-em-9-de-agosto\/","title":{"rendered":"Aulas come\u00e7am em 9 de agosto"},"content":{"rendered":"\n<p>Os cursos de Gradua\u00e7\u00e3o dar\u00e3o in\u00edcio \u00e0s atividades do segundo semestre na pr\u00f3xima segunda-feira (9\/8).<br>Seguindo as orienta\u00e7\u00f5es dos \u00f3rg\u00e3os de sa\u00fade e de educa\u00e7\u00e3o, a Uniso est\u00e1 retomando as aulas presenciais na Cidade Universit\u00e1ria e no c\u00e2mpus Trujillo, com todos os cuidados previstos nos protocolos sanit\u00e1rios.<br>Conforme o Plano S\u00e3o Paulo, os cursos da Sa\u00fade (Biomedicina, Enfermagem, Farm\u00e1cia, Fisioterapia, Fonoaudiologia, Nutri\u00e7\u00e3o, Odontologia e Terapia Ocupacional), al\u00e9m de Psicologia e Medicina Veterin\u00e1ria, retornar\u00e3o \u00e0s atividades 100% presenciais. Os demais cursos com turmas que n\u00e3o excedam 60% da capacidade dos espa\u00e7os de aulas tamb\u00e9m retomar\u00e3o as aulas presenciais.<br>Os alunos podem consultar o formato das aulas pelo APP Aluno, no campo Acad\u00eamico, em Hor\u00e1rio. Somente as disciplinas que estiverem identificadas como \u201cPresencial\u201d ter\u00e3o aulas nos c\u00e2mpus.<br>Para aqueles que ter\u00e3o aulas presenciais nos c\u00e2mpus, a Uniso preparou uma cartilha com todas as medidas para que o retorno seja seguro. Confira: <a href=\"https:\/\/abre.ai\/c7Lw\" target=\"_blank\" rel=\"noreferrer noopener\">https:\/\/abre.ai\/c7Lw<\/a><\/p>\n","protected":false},"excerpt":{"rendered":"<p>Os cursos de Gradua\u00e7\u00e3o dar\u00e3o in\u00edcio \u00e0s atividades do segundo semestre na pr\u00f3xima segunda-feira (9\/8).Seguindo as orienta\u00e7\u00f5es dos \u00f3rg\u00e3os de<\/p>\n","protected":false},"author":4,"featured_media":0,"comment_status":"closed","ping_status":"closed","sticky":false,"template":"","format":"standard","meta":{"colormag_page_container_layout":"default_layout","colormag_page_sidebar_layout":"default_layout","footnotes":""},"categories":[40,41],"tags":[],"class_list":["post-2729","post","type-post","status-publish","format-standard","hentry","category-ultimas-noticias","category-vida-universitaria"],"_links":{"self":[{"href":"https:\/\/unisonoticias.uniso.br\/index.php\/wp-json\/wp\/v2\/posts\/2729","targetHints":{"allow":["GET"]}}],"collection":[{"href":"https:\/\/unisonoticias.uniso.br\/index.php\/wp-json\/wp\/v2\/posts"}],"about":[{"href":"https:\/\/unisonoticias.uniso.br\/index.php\/wp-json\/wp\/v2\/types\/post"}],"author":[{"embeddable":true,"href":"https:\/\/unisonoticias.uniso.br\/index.php\/wp-json\/wp\/v2\/users\/4"}],"replies":[{"embeddable":true,"href":"https:\/\/unisonoticias.uniso.br\/index.php\/wp-json\/wp\/v2\/comments?post=2729"}],"version-history":[{"count":1,"href":"https:\/\/unisonoticias.uniso.br\/index.php\/wp-json\/wp\/v2\/posts\/2729\/revisions"}],"predecessor-version":[{"id":2730,"href":"https:\/\/unisonoticias.uniso.br\/index.php\/wp-json\/wp\/v2\/posts\/2729\/revisions\/2730"}],"wp:attachment":[{"href":"https:\/\/unisonoticias.uniso.br\/index.php\/wp-json\/wp\/v2\/media?parent=2729"}],"wp:term":[{"taxonomy":"category","embeddable":true,"href":"https:\/\/unisonoticias.uniso.br\/index.php\/wp-json\/wp\/v2\/categories?post=2729"},{"taxonomy":"post_tag","embeddable":true,"href":"https:\/\/unisonoticias.uniso.br\/index.php\/wp-json\/wp\/v2\/tags?post=2729"}],"curies":[{"name":"wp","href":"https:\/\/api.w.org\/{rel}","templated":true}]}}