{"id":2481,"date":"2021-07-22T14:14:42","date_gmt":"2021-07-22T17:14:42","guid":{"rendered":"http:\/\/unisonoticias.uniso.br\/?p=2481"},"modified":"2021-07-30T17:54:03","modified_gmt":"2021-07-30T20:54:03","slug":"instituicoes-debatem-retorno-as-aulas-presenciais","status":"publish","type":"post","link":"https:\/\/unisonoticias.uniso.br\/index.php\/2021\/07\/22\/instituicoes-debatem-retorno-as-aulas-presenciais\/","title":{"rendered":"Institui\u00e7\u00f5es debatem retorno \u00e0s aulas presenciais"},"content":{"rendered":"\n<div class=\"wp-block-image\"><figure class=\"alignleft size-full is-resized\"><img loading=\"lazy\" decoding=\"async\" src=\"https:\/\/unisonoticias.uniso.br\/wp-content\/uploads\/aulas-foto-principal-630-x-445.png\" alt=\"\" class=\"wp-image-2483\" width=\"324\" height=\"229\" srcset=\"https:\/\/unisonoticias.uniso.br\/wp-content\/uploads\/aulas-foto-principal-630-x-445.png 630w, https:\/\/unisonoticias.uniso.br\/wp-content\/uploads\/aulas-foto-principal-630-x-445-300x212.png 300w\" sizes=\"auto, (max-width: 324px) 100vw, 324px\" \/><\/figure><\/div>\n\n\n\n<p>\u201cComo as Institui\u00e7\u00f5es de Ensino Superior est\u00e3o preparadas para o retorno \u00e0s aulas presenciais?\u201d \u00e9 o tema do encontro organizado pela Uniso, com o apoio do&nbsp;FinancIES&nbsp;\u2013 F\u00f3rum dos Executivos Financeiros para as Institui\u00e7\u00f5es de Ensino Privadas do Brasil.&nbsp;O evento ser\u00e1 realizado nesta sexta, dia 23 de julho, das 15h \u00e0s 17h, pelo canal:&nbsp;<a rel=\"noreferrer noopener\" href=\"https:\/\/youtube.com\/unisoonline?fbclid=IwAR2IqMJdfw7W7SNsfsOyTMmdS3FCzrwwHaUhBysjtiNe4D4cEiClS_jv6aA\" target=\"_blank\">youtube.com\/unisoonline<\/a>. S\u00e3o esperados representantes de institui\u00e7\u00f5es educacionais de todo o Pa\u00eds.&nbsp;<\/p>\n\n\n\n<p>A programa\u00e7\u00e3o ser\u00e1 aberta com dois pesquisadores da \u00e1rea da Educa\u00e7\u00e3o e da Sa\u00fade que abordar\u00e3o as quest\u00f5es sanit\u00e1rias e pedag\u00f3gicas para o retorno \u00e0s aulas presenciais.&nbsp;S\u00e3o eles: professora&nbsp;Elisabete Cerutti,&nbsp;Doutora em Educa\u00e7\u00e3o, Diretora Acad\u00eamica da URI &#8211; Universidade Regional Integrada e Assessora da Dominus Educar; e o professor Jo\u00e3o Luiz Coelho Ribas, Doutor em Farmacologia, mestre em Ci\u00eancias Farmac\u00eauticas e Coordenador dos cursos de Biomedicina e Farm\u00e1cia da Universidade Positivo.&nbsp;<\/p>\n\n\n\n<p>Em seguida, institui\u00e7\u00f5es compartilhar\u00e3o suas estrat\u00e9gias para a retomada das atividades presenciais. Ao final, os participantes poder\u00e3o interagir via chat do YouTube.&nbsp; O evento visa a uma troca de&nbsp;experi\u00eancias quanto ao tema, em evid\u00eancia neste momento, e colaborar com as IES na defini\u00e7\u00e3o das estrat\u00e9gias de retomada das aulas presenciais, sempre primando pela seguran\u00e7a sanit\u00e1ria.&nbsp;<\/p>\n\n\n\n<p><strong>Servi\u00e7o<\/strong><\/p>\n\n\n\n<p>Tema: Como as Institui\u00e7\u00f5es de Ensino Superior est\u00e3o preparadas para o retorno \u00e0s aulas presenciais?&nbsp;<\/p>\n\n\n\n<p>Dia 23 de julho, das 15 \u00e0s 17h\u00a0<\/p>\n\n\n\n<p>Transmiss\u00e3o:&nbsp;<a href=\"https:\/\/youtube.com\/unisoonline?fbclid=IwAR2IqMJdfw7W7SNsfsOyTMmdS3FCzrwwHaUhBysjtiNe4D4cEiClS_jv6aA\" target=\"_blank\" rel=\"noreferrer noopener\">youtube.com\/unisoonline<\/a>.&nbsp;<\/p>\n","protected":false},"excerpt":{"rendered":"<p>\u201cComo as Institui\u00e7\u00f5es de Ensino Superior est\u00e3o preparadas para o retorno \u00e0s aulas presenciais?\u201d \u00e9 o tema do encontro organizado<\/p>\n","protected":false},"author":4,"featured_media":0,"comment_status":"closed","ping_status":"closed","sticky":false,"template":"","format":"standard","meta":{"colormag_page_container_layout":"default_layout","colormag_page_sidebar_layout":"default_layout","footnotes":""},"categories":[46,40],"tags":[],"class_list":["post-2481","post","type-post","status-publish","format-standard","hentry","category-especial","category-ultimas-noticias"],"_links":{"self":[{"href":"https:\/\/unisonoticias.uniso.br\/index.php\/wp-json\/wp\/v2\/posts\/2481","targetHints":{"allow":["GET"]}}],"collection":[{"href":"https:\/\/unisonoticias.uniso.br\/index.php\/wp-json\/wp\/v2\/posts"}],"about":[{"href":"https:\/\/unisonoticias.uniso.br\/index.php\/wp-json\/wp\/v2\/types\/post"}],"author":[{"embeddable":true,"href":"https:\/\/unisonoticias.uniso.br\/index.php\/wp-json\/wp\/v2\/users\/4"}],"replies":[{"embeddable":true,"href":"https:\/\/unisonoticias.uniso.br\/index.php\/wp-json\/wp\/v2\/comments?post=2481"}],"version-history":[{"count":3,"href":"https:\/\/unisonoticias.uniso.br\/index.php\/wp-json\/wp\/v2\/posts\/2481\/revisions"}],"predecessor-version":[{"id":2556,"href":"https:\/\/unisonoticias.uniso.br\/index.php\/wp-json\/wp\/v2\/posts\/2481\/revisions\/2556"}],"wp:attachment":[{"href":"https:\/\/unisonoticias.uniso.br\/index.php\/wp-json\/wp\/v2\/media?parent=2481"}],"wp:term":[{"taxonomy":"category","embeddable":true,"href":"https:\/\/unisonoticias.uniso.br\/index.php\/wp-json\/wp\/v2\/categories?post=2481"},{"taxonomy":"post_tag","embeddable":true,"href":"https:\/\/unisonoticias.uniso.br\/index.php\/wp-json\/wp\/v2\/tags?post=2481"}],"curies":[{"name":"wp","href":"https:\/\/api.w.org\/{rel}","templated":true}]}}