{"id":14514,"date":"2026-09-02T17:19:30","date_gmt":"2026-09-02T20:19:30","guid":{"rendered":"https:\/\/unisonoticias.uniso.br\/?p=14514"},"modified":"2026-09-02T17:19:30","modified_gmt":"2026-09-02T20:19:30","slug":"avaliacao-da-educacao-superior-e-tema-de-oficina-na-uniso","status":"publish","type":"post","link":"https:\/\/unisonoticias.uniso.br\/index.php\/2026\/09\/02\/avaliacao-da-educacao-superior-e-tema-de-oficina-na-uniso\/","title":{"rendered":"Avalia\u00e7\u00e3o da Educa\u00e7\u00e3o Superior \u00e9 tema de oficina na Uniso"},"content":{"rendered":"\n<p class=\"wp-block-paragraph\">O Programa de P\u00f3s-Gradua\u00e7\u00e3o em <a href=\"https:\/\/educacao.uniso.br\/\">Educa\u00e7\u00e3o (PPGE)<\/a> da Uniso promover\u00e1 no dia 22 de setembro, das 14h \u00e0s 16h, a oficina \u201cConhecendo o SINAES\u201d. Ela faz parte do projeto de extens\u00e3o \u201cSINAES na Pr\u00e1tica: forma\u00e7\u00e3o continuada para coordenadores(as) e docentes\u201d, que mensalmente desenvolver\u00e1 atividades com capacita\u00e7\u00f5es relacionadas ao Sistema Nacional de Avalia\u00e7\u00e3o da Educa\u00e7\u00e3o Superior (SINAES). A oficina \u00e9 gratuita, ser\u00e1 realizada de forma online, e as inscri\u00e7\u00f5es podem ser feitas de 1 a 18 de setembro, por meio de formul\u00e1rio online: <a href=\"https:\/\/forms.cloud.microsoft\/pages\/designpagev2.aspx?analysis=true&amp;origin=EmailNotification&amp;subpage=design&amp;id=cb2H2fGl40S7JeERq2_6E0o_L-VOywhMkZfRY7b7kBBUODRERVM1QkUxWjIzOFJVMUNJMFkwSko4OS4u&amp;topview=SurveyResults&amp;qid=r2179f41f72dd4c12b8393f369191f4ae&amp;ridx=72\">CLIQUE AQUI<\/a>.<\/p>\n\n\n\n<p class=\"wp-block-paragraph\">Segundo o site do Minist\u00e9rio da Educa\u00e7\u00e3o (MEC) o SINAES foi criado no ano de 2004, por meio da lei 10.861\/2004, com o objetivo de assegurar um processo nacional de avalia\u00e7\u00e3o das institui\u00e7\u00f5es de educa\u00e7\u00e3o superior, dos cursos de gradua\u00e7\u00e3o e do desempenho acad\u00eamico de seus estudantes.<\/p>\n\n\n\n<p class=\"wp-block-paragraph\">Ainda conforme o MEC, o SINAES tem por finalidade melhorar a qualidade da educa\u00e7\u00e3o superior, a expans\u00e3o da sua oferta, o aumento da efic\u00e1cia e efetividade acad\u00eamica e social e, principalmente, refor\u00e7ar compromissos e responsabilidades sociais das institui\u00e7\u00f5es de educa\u00e7\u00e3o superior, por meio da \u201cvaloriza\u00e7\u00e3o de sua miss\u00e3o p\u00fablica, da promo\u00e7\u00e3o dos valores democr\u00e1ticos, do respeito \u00e0 diferen\u00e7a e \u00e0 diversidade, da afirma\u00e7\u00e3o da autonomia e da identidade institucional\u201d.<\/p>\n\n\n\n<figure class=\"wp-block-image size-large\"><img loading=\"lazy\" decoding=\"async\" width=\"1024\" height=\"682\" src=\"https:\/\/unisonoticias.uniso.br\/wp-content\/uploads\/IMG_4956-1024x682.png\" alt=\"\" class=\"wp-image-14515\" srcset=\"https:\/\/unisonoticias.uniso.br\/wp-content\/uploads\/IMG_4956-1024x682.png 1024w, https:\/\/unisonoticias.uniso.br\/wp-content\/uploads\/IMG_4956-300x200.png 300w, https:\/\/unisonoticias.uniso.br\/wp-content\/uploads\/IMG_4956-767x511.png 767w, https:\/\/unisonoticias.uniso.br\/wp-content\/uploads\/IMG_4956.jpg 1600w\" sizes=\"auto, (max-width: 1024px) 100vw, 1024px\" \/><figcaption class=\"wp-element-caption\">Professor Rafael \u00c2. B. Pinto: \u201ca ideia \u00e9 que a comunidade acad\u00eamica da Uniso conhe\u00e7a melhor os processos de avalia\u00e7\u00e3o e regula\u00e7\u00e3o da educa\u00e7\u00e3o superior\u201d<\/figcaption><\/figure>\n\n\n\n<p class=\"wp-block-paragraph\">De acordo com o professor Rafael \u00c2ngelo Bunhi Pinto, docente e coordenador do PPGE, e um dos organizadores do projeto, a oficina \u00e9 direcionada a coordenadores de curso, membros de N\u00facleos Docentes Estruturantes (NDE) e docentes da Uniso. Na primeira oficina, Bunhi estar\u00e1 acompanhado pelo professor Andr\u00e9 Pires, tamb\u00e9m docente do PPGE.<\/p>\n\n\n\n<p class=\"wp-block-paragraph\">Bunhi comenta que as oficinas t\u00eam como objetivo capacitar coordenadores(as) de curso e docentes para a compreens\u00e3o cr\u00edtica dos pilares avaliativos e aplica\u00e7\u00e3o pr\u00e1tica dos instrumentos de avalia\u00e7\u00e3o de cursos de gradua\u00e7\u00e3o, no \u00e2mbito do SINAES.<\/p>\n\n\n\n<p class=\"wp-block-paragraph\"><em><strong>Texto e imagem<\/strong><\/em>:\u00a0<em>Rafael Filho<\/em><\/p>\n\n\n\n<p class=\"wp-block-paragraph\"><\/p>\n","protected":false},"excerpt":{"rendered":"<p>O Programa de P\u00f3s-Gradua\u00e7\u00e3o em Educa\u00e7\u00e3o (PPGE) da Uniso promover\u00e1 no dia 22 de setembro, das 14h \u00e0s 16h, a<\/p>\n","protected":false},"author":5,"featured_media":0,"comment_status":"closed","ping_status":"","sticky":false,"template":"","format":"standard","meta":{"colormag_page_container_layout":"default_layout","colormag_page_sidebar_layout":"default_layout","footnotes":""},"categories":[40],"tags":[],"class_list":["post-14514","post","type-post","status-publish","format-standard","hentry","category-ultimas-noticias"],"_links":{"self":[{"href":"https:\/\/unisonoticias.uniso.br\/index.php\/wp-json\/wp\/v2\/posts\/14514","targetHints":{"allow":["GET"]}}],"collection":[{"href":"https:\/\/unisonoticias.uniso.br\/index.php\/wp-json\/wp\/v2\/posts"}],"about":[{"href":"https:\/\/unisonoticias.uniso.br\/index.php\/wp-json\/wp\/v2\/types\/post"}],"author":[{"embeddable":true,"href":"https:\/\/unisonoticias.uniso.br\/index.php\/wp-json\/wp\/v2\/users\/5"}],"replies":[{"embeddable":true,"href":"https:\/\/unisonoticias.uniso.br\/index.php\/wp-json\/wp\/v2\/comments?post=14514"}],"version-history":[{"count":1,"href":"https:\/\/unisonoticias.uniso.br\/index.php\/wp-json\/wp\/v2\/posts\/14514\/revisions"}],"predecessor-version":[{"id":14516,"href":"https:\/\/unisonoticias.uniso.br\/index.php\/wp-json\/wp\/v2\/posts\/14514\/revisions\/14516"}],"wp:attachment":[{"href":"https:\/\/unisonoticias.uniso.br\/index.php\/wp-json\/wp\/v2\/media?parent=14514"}],"wp:term":[{"taxonomy":"category","embeddable":true,"href":"https:\/\/unisonoticias.uniso.br\/index.php\/wp-json\/wp\/v2\/categories?post=14514"},{"taxonomy":"post_tag","embeddable":true,"href":"https:\/\/unisonoticias.uniso.br\/index.php\/wp-json\/wp\/v2\/tags?post=14514"}],"curies":[{"name":"wp","href":"https:\/\/api.w.org\/{rel}","templated":true}]}}