{"id":13624,"date":"2026-04-27T10:42:56","date_gmt":"2026-04-27T13:42:56","guid":{"rendered":"https:\/\/unisonoticias.uniso.br\/?p=13624"},"modified":"2026-04-27T10:55:56","modified_gmt":"2026-04-27T13:55:56","slug":"acao-do-curso-de-ciencias-contabeis-recebe-certificacao-da-receita-federal","status":"publish","type":"post","link":"https:\/\/unisonoticias.uniso.br\/index.php\/2026\/04\/27\/acao-do-curso-de-ciencias-contabeis-recebe-certificacao-da-receita-federal\/","title":{"rendered":"A\u00e7\u00e3o do curso de Ci\u00eancias Cont\u00e1beis recebe certifica\u00e7\u00e3o da Receita Federal"},"content":{"rendered":"\n<p>A Uniso foi homenageada com o \u201cCertificado Prata\u201d, concedida ao N\u00facleo de Apoio Cont\u00e1bil e Fiscal (NAF-Uniso), durante a cerim\u00f4nia de \u201cCertifica\u00e7\u00e3o NAF 2026\u201d, promovida pela Receita Federal de S\u00e3o Paulo com a Superintend\u00eancia Regional da Receita Federal do Brasil na 8\u00aa Regi\u00e3o Fiscal.<\/p>\n\n\n\n<p>A coordenadora do curso de Ci\u00eancias Cont\u00e1beis, professora Meirecler Mieto, e a Contadora da Funda\u00e7\u00e3o Dom Aguirre, mantenedora da Universidade, Carla Silva, estiveram presentes na cerim\u00f4nia. O evento, realizado em S\u00e3o Paulo, no dia 16 de abril, teve como objetivo homenagear, por excel\u00eancia em atendimento, os NAFs parceiros da receita federal por meio do \u201cPrograma Cidadania Fiscal\u201d, que reconhece iniciativas de extens\u00e3o, produ\u00e7\u00e3o cient\u00edfica e o impacto social dos n\u00facleos.<\/p>\n\n\n\n<p>Os NAFs fazem parte de um projeto desenvolvido pela Receita Federal em parceria com institui\u00e7\u00f5es de ensino, com objetivo de oferecer servi\u00e7os cont\u00e1beis e fiscais gratuitos para cidad\u00e3os e pequenas empresas. Os servi\u00e7os s\u00e3o de apoio e orienta\u00e7\u00e3o, e n\u00e3o substituem um escrit\u00f3rio de contabilidade.<\/p>\n\n\n\n<p>O reconhecimento se deu pelas assist\u00eancias prestadas \u00e0 popula\u00e7\u00e3o em temas cont\u00e1beis e fiscais, realizadas na sala do NAF-Uniso e registradas ao longo do ano de 2025.<\/p>\n\n\n\n<p>\u201cReceber o Certificado Prata pelos 1.476 atendimentos realizados pelo NAF foi uma experi\u00eancia extremamente emocionante, pois essa conquista carrega consigo o nome do curso de Ci\u00eancias Cont\u00e1beis, representa o 5\u00ba lugar na 8\u00aa Regi\u00e3o de Cidadania Fiscal de S\u00e3o Paulo e o 40\u00ba lugar no Brasil\u201d, declara Mieto. A professora completa que a emo\u00e7\u00e3o se tornou ainda mais especial ao receber a honraria das m\u00e3os do Delegado Regional da Receita Federal de Sorocaba, Ari Brand\u00e3o, e egresso do curso de Ci\u00eancias Cont\u00e1beis da Uniso.<\/p>\n\n\n\n<p>&#8220;Participar deste evento foi algo muito importante. A certifica\u00e7\u00e3o \u00e9 um reconhecimento significativo do esfor\u00e7o coletivo e demonstra o compromisso da institui\u00e7\u00e3o com a comunidade. Parab\u00e9ns \u00e0 professora Meirecler e a todos que participaram deste projeto&#8221;, afirma Silva.<\/p>\n\n\n\n<p><strong>Servi\u00e7os do NAF-Uniso<\/strong><\/p>\n\n\n\n<p>Al\u00e9m de orienta\u00e7\u00f5es relacionadas \u00e0 elabora\u00e7\u00e3o da Declara\u00e7\u00e3o de Ajuste Anual do IRPF, o NAF-Uniso oferece tamb\u00e9m aux\u00edlios para: inscri\u00e7\u00e3o e informa\u00e7\u00f5es cadastrais de CPF; consulta \u00e0 situa\u00e7\u00e3o fiscal; agendamento on-line de atendimentos na RFB; regulariza\u00e7\u00e3o de CPF suspenso; elabora\u00e7\u00e3o de pedido de isen\u00e7\u00e3o de IRPF para portadores de doen\u00e7as graves; obten\u00e7\u00e3o de Certificado Digital; inscri\u00e7\u00e3o e informa\u00e7\u00f5es gerais sobre o Microempreendedor Individual; inscri\u00e7\u00e3o e informa\u00e7\u00f5es gerais sobre o Simples Nacional; e Ganho de capital na venda de bens e direitos \u2013 GCAP.<\/p>\n\n\n\n<p>Os atendimentos do NAF-Uniso s\u00e3o abertos a toda popula\u00e7\u00e3o, ocorrem sempre as segundas-feiras, das 14h \u00e0s 17h, na sala \u201cNAF e Sebrae\u201d, localizada no terceiro piso da Biblioteca \u201cAlu\u00edsio de Almeida\u201d, na Cidade Universit\u00e1ria\u201d Prof. Aldo Vannucchi\u201d (Rod. Raposo Tavares, km 92,5).<\/p>\n\n\n\n<p>Confira imagens da cerim\u00f4nia:<\/p>\n\n\n\n<figure class=\"wp-block-gallery has-nested-images columns-2 is-cropped wp-block-gallery-1 is-layout-flex wp-block-gallery-is-layout-flex\">\n<figure class=\"wp-block-image size-large\"><img loading=\"lazy\" decoding=\"async\" width=\"1024\" height=\"768\" data-id=\"13630\" src=\"https:\/\/unisonoticias.uniso.br\/wp-content\/uploads\/WhatsApp-Image-2026-04-16-at-14.43.37-1024x768.jpeg\" alt=\"\" class=\"wp-image-13630\" srcset=\"https:\/\/unisonoticias.uniso.br\/wp-content\/uploads\/WhatsApp-Image-2026-04-16-at-14.43.37-1024x768.jpeg 1024w, https:\/\/unisonoticias.uniso.br\/wp-content\/uploads\/WhatsApp-Image-2026-04-16-at-14.43.37-300x225.jpeg 300w, https:\/\/unisonoticias.uniso.br\/wp-content\/uploads\/WhatsApp-Image-2026-04-16-at-14.43.37-768x576.jpeg 768w, https:\/\/unisonoticias.uniso.br\/wp-content\/uploads\/WhatsApp-Image-2026-04-16-at-14.43.37-1536x1152.jpeg 1536w, https:\/\/unisonoticias.uniso.br\/wp-content\/uploads\/WhatsApp-Image-2026-04-16-at-14.43.37.jpeg 1600w\" sizes=\"auto, (max-width: 1024px) 100vw, 1024px\" \/><\/figure>\n\n\n\n<figure class=\"wp-block-image size-large\"><img loading=\"lazy\" decoding=\"async\" width=\"1024\" height=\"768\" data-id=\"13628\" src=\"https:\/\/unisonoticias.uniso.br\/wp-content\/uploads\/WhatsApp-Image-2026-04-16-at-17.39.39-1-1024x768.jpeg\" alt=\"\" class=\"wp-image-13628\" srcset=\"https:\/\/unisonoticias.uniso.br\/wp-content\/uploads\/WhatsApp-Image-2026-04-16-at-17.39.39-1-1024x768.jpeg 1024w, https:\/\/unisonoticias.uniso.br\/wp-content\/uploads\/WhatsApp-Image-2026-04-16-at-17.39.39-1-300x225.jpeg 300w, https:\/\/unisonoticias.uniso.br\/wp-content\/uploads\/WhatsApp-Image-2026-04-16-at-17.39.39-1-768x576.jpeg 768w, https:\/\/unisonoticias.uniso.br\/wp-content\/uploads\/WhatsApp-Image-2026-04-16-at-17.39.39-1-1536x1152.jpeg 1536w, https:\/\/unisonoticias.uniso.br\/wp-content\/uploads\/WhatsApp-Image-2026-04-16-at-17.39.39-1.jpeg 1600w\" sizes=\"auto, (max-width: 1024px) 100vw, 1024px\" \/><\/figure>\n\n\n\n<figure class=\"wp-block-image size-large\"><img loading=\"lazy\" decoding=\"async\" width=\"1024\" height=\"768\" data-id=\"13626\" src=\"https:\/\/unisonoticias.uniso.br\/wp-content\/uploads\/WhatsApp-Image-2026-04-16-at-17.39.39-2-1024x768.jpeg\" alt=\"\" class=\"wp-image-13626\" srcset=\"https:\/\/unisonoticias.uniso.br\/wp-content\/uploads\/WhatsApp-Image-2026-04-16-at-17.39.39-2-1024x768.jpeg 1024w, https:\/\/unisonoticias.uniso.br\/wp-content\/uploads\/WhatsApp-Image-2026-04-16-at-17.39.39-2-300x225.jpeg 300w, https:\/\/unisonoticias.uniso.br\/wp-content\/uploads\/WhatsApp-Image-2026-04-16-at-17.39.39-2-768x576.jpeg 768w, https:\/\/unisonoticias.uniso.br\/wp-content\/uploads\/WhatsApp-Image-2026-04-16-at-17.39.39-2-1536x1152.jpeg 1536w, https:\/\/unisonoticias.uniso.br\/wp-content\/uploads\/WhatsApp-Image-2026-04-16-at-17.39.39-2.jpeg 1600w\" sizes=\"auto, (max-width: 1024px) 100vw, 1024px\" \/><\/figure>\n\n\n\n<figure class=\"wp-block-image size-large\"><img loading=\"lazy\" decoding=\"async\" width=\"1024\" height=\"768\" data-id=\"13625\" src=\"https:\/\/unisonoticias.uniso.br\/wp-content\/uploads\/WhatsApp-Image-2026-04-16-at-17.39.39-3-1024x768.jpeg\" alt=\"\" class=\"wp-image-13625\" srcset=\"https:\/\/unisonoticias.uniso.br\/wp-content\/uploads\/WhatsApp-Image-2026-04-16-at-17.39.39-3-1024x768.jpeg 1024w, https:\/\/unisonoticias.uniso.br\/wp-content\/uploads\/WhatsApp-Image-2026-04-16-at-17.39.39-3-300x225.jpeg 300w, https:\/\/unisonoticias.uniso.br\/wp-content\/uploads\/WhatsApp-Image-2026-04-16-at-17.39.39-3-768x576.jpeg 768w, https:\/\/unisonoticias.uniso.br\/wp-content\/uploads\/WhatsApp-Image-2026-04-16-at-17.39.39-3-1536x1152.jpeg 1536w, https:\/\/unisonoticias.uniso.br\/wp-content\/uploads\/WhatsApp-Image-2026-04-16-at-17.39.39-3.jpeg 1600w\" sizes=\"auto, (max-width: 1024px) 100vw, 1024px\" \/><\/figure>\n\n\n\n<figure class=\"wp-block-image size-large\"><img loading=\"lazy\" decoding=\"async\" width=\"1024\" height=\"768\" data-id=\"13629\" src=\"https:\/\/unisonoticias.uniso.br\/wp-content\/uploads\/WhatsApp-Image-2026-04-16-at-17.39.39-4-1024x768.jpeg\" alt=\"\" class=\"wp-image-13629\" srcset=\"https:\/\/unisonoticias.uniso.br\/wp-content\/uploads\/WhatsApp-Image-2026-04-16-at-17.39.39-4-1024x768.jpeg 1024w, https:\/\/unisonoticias.uniso.br\/wp-content\/uploads\/WhatsApp-Image-2026-04-16-at-17.39.39-4-300x225.jpeg 300w, https:\/\/unisonoticias.uniso.br\/wp-content\/uploads\/WhatsApp-Image-2026-04-16-at-17.39.39-4-768x576.jpeg 768w, https:\/\/unisonoticias.uniso.br\/wp-content\/uploads\/WhatsApp-Image-2026-04-16-at-17.39.39-4-1536x1152.jpeg 1536w, https:\/\/unisonoticias.uniso.br\/wp-content\/uploads\/WhatsApp-Image-2026-04-16-at-17.39.39-4.jpeg 1600w\" sizes=\"auto, (max-width: 1024px) 100vw, 1024px\" \/><\/figure>\n\n\n\n<figure class=\"wp-block-image size-large\"><img loading=\"lazy\" decoding=\"async\" width=\"1024\" height=\"768\" data-id=\"13627\" src=\"https:\/\/unisonoticias.uniso.br\/wp-content\/uploads\/WhatsApp-Image-2026-04-16-at-17.39.39-5-1024x768.jpeg\" alt=\"\" class=\"wp-image-13627\" srcset=\"https:\/\/unisonoticias.uniso.br\/wp-content\/uploads\/WhatsApp-Image-2026-04-16-at-17.39.39-5-1024x768.jpeg 1024w, https:\/\/unisonoticias.uniso.br\/wp-content\/uploads\/WhatsApp-Image-2026-04-16-at-17.39.39-5-300x225.jpeg 300w, https:\/\/unisonoticias.uniso.br\/wp-content\/uploads\/WhatsApp-Image-2026-04-16-at-17.39.39-5-768x576.jpeg 768w, https:\/\/unisonoticias.uniso.br\/wp-content\/uploads\/WhatsApp-Image-2026-04-16-at-17.39.39-5-1536x1152.jpeg 1536w, https:\/\/unisonoticias.uniso.br\/wp-content\/uploads\/WhatsApp-Image-2026-04-16-at-17.39.39-5.jpeg 1600w\" sizes=\"auto, (max-width: 1024px) 100vw, 1024px\" \/><\/figure>\n<\/figure>\n\n\n\n<p><\/p>\n\n\n\n<p><em><strong>Texto<\/strong><\/em>:\u00a0<em>Rafael Filho<\/em><br><em><strong>Imagens:<\/strong>\u00a0arquivo Carla Silva<\/em><\/p>\n","protected":false},"excerpt":{"rendered":"<p>A Uniso foi homenageada com o \u201cCertificado Prata\u201d, concedida ao N\u00facleo de Apoio Cont\u00e1bil e Fiscal (NAF-Uniso), durante a cerim\u00f4nia<\/p>\n","protected":false},"author":5,"featured_media":13635,"comment_status":"closed","ping_status":"","sticky":false,"template":"","format":"standard","meta":{"colormag_page_container_layout":"default_layout","colormag_page_sidebar_layout":"default_layout","footnotes":""},"categories":[37],"tags":[],"class_list":["post-13624","post","type-post","status-publish","format-standard","has-post-thumbnail","hentry","category-noticia-1"],"_links":{"self":[{"href":"https:\/\/unisonoticias.uniso.br\/index.php\/wp-json\/wp\/v2\/posts\/13624","targetHints":{"allow":["GET"]}}],"collection":[{"href":"https:\/\/unisonoticias.uniso.br\/index.php\/wp-json\/wp\/v2\/posts"}],"about":[{"href":"https:\/\/unisonoticias.uniso.br\/index.php\/wp-json\/wp\/v2\/types\/post"}],"author":[{"embeddable":true,"href":"https:\/\/unisonoticias.uniso.br\/index.php\/wp-json\/wp\/v2\/users\/5"}],"replies":[{"embeddable":true,"href":"https:\/\/unisonoticias.uniso.br\/index.php\/wp-json\/wp\/v2\/comments?post=13624"}],"version-history":[{"count":2,"href":"https:\/\/unisonoticias.uniso.br\/index.php\/wp-json\/wp\/v2\/posts\/13624\/revisions"}],"predecessor-version":[{"id":13632,"href":"https:\/\/unisonoticias.uniso.br\/index.php\/wp-json\/wp\/v2\/posts\/13624\/revisions\/13632"}],"wp:featuredmedia":[{"embeddable":true,"href":"https:\/\/unisonoticias.uniso.br\/index.php\/wp-json\/wp\/v2\/media\/13635"}],"wp:attachment":[{"href":"https:\/\/unisonoticias.uniso.br\/index.php\/wp-json\/wp\/v2\/media?parent=13624"}],"wp:term":[{"taxonomy":"category","embeddable":true,"href":"https:\/\/unisonoticias.uniso.br\/index.php\/wp-json\/wp\/v2\/categories?post=13624"},{"taxonomy":"post_tag","embeddable":true,"href":"https:\/\/unisonoticias.uniso.br\/index.php\/wp-json\/wp\/v2\/tags?post=13624"}],"curies":[{"name":"wp","href":"https:\/\/api.w.org\/{rel}","templated":true}]}}