{"id":13597,"date":"2026-04-20T16:04:00","date_gmt":"2026-04-20T19:04:00","guid":{"rendered":"https:\/\/unisonoticias.uniso.br\/?p=13597"},"modified":"2026-04-24T16:08:04","modified_gmt":"2026-04-24T19:08:04","slug":"morre-ana-maria-mendes-fundadora-do-nucab-e-pioneira-do-movimento-antirracista-em-sorocaba","status":"publish","type":"post","link":"https:\/\/unisonoticias.uniso.br\/index.php\/2026\/04\/20\/morre-ana-maria-mendes-fundadora-do-nucab-e-pioneira-do-movimento-antirracista-em-sorocaba\/","title":{"rendered":"Morre Ana Maria Mendes, fundadora do Nucab e pioneira do movimento antirracista em Sorocaba"},"content":{"rendered":"\n<p><strong><a href=\"https:\/\/g1.globo.com\/sp\/sorocaba-jundiai\/noticia\/2026\/04\/20\/morre-ana-maria-mendes-pioneira-movimento-negro-sorocaba.ghtml\">Jornalista da Uniso \u00e9 entrevistado na mat\u00e9ria sobre professora que fez parte da hist\u00f3ria da Uniso<\/a> <\/strong><\/p>\n\n\n\n<p>G1\/ Sorocaba e Jundia\u00ed &#8211; 20\/04\/2026<\/p>\n\n\n\n<figure class=\"wp-block-image size-full\"><a href=\"https:\/\/g1.globo.com\/sp\/sorocaba-jundiai\/noticia\/2026\/04\/20\/morre-ana-maria-mendes-pioneira-movimento-negro-sorocaba.ghtml\"><img loading=\"lazy\" decoding=\"async\" width=\"1017\" height=\"685\" src=\"https:\/\/unisonoticias.uniso.br\/wp-content\/uploads\/image-221.png\" alt=\"\" class=\"wp-image-13598\" srcset=\"https:\/\/unisonoticias.uniso.br\/wp-content\/uploads\/image-221.png 1017w, https:\/\/unisonoticias.uniso.br\/wp-content\/uploads\/image-221-300x202.png 300w, https:\/\/unisonoticias.uniso.br\/wp-content\/uploads\/image-221-768x517.png 768w\" sizes=\"auto, (max-width: 1017px) 100vw, 1017px\" \/><\/a><\/figure>\n","protected":false},"excerpt":{"rendered":"<p>Jornalista da Uniso \u00e9 entrevistado na mat\u00e9ria sobre professora que fez parte da hist\u00f3ria da Uniso G1\/ Sorocaba e Jundia\u00ed<\/p>\n","protected":false},"author":5,"featured_media":0,"comment_status":"closed","ping_status":"","sticky":false,"template":"","format":"standard","meta":{"colormag_page_container_layout":"default_layout","colormag_page_sidebar_layout":"default_layout","footnotes":""},"categories":[44],"tags":[],"class_list":["post-13597","post","type-post","status-publish","format-standard","hentry","category-na-midia"],"_links":{"self":[{"href":"https:\/\/unisonoticias.uniso.br\/index.php\/wp-json\/wp\/v2\/posts\/13597","targetHints":{"allow":["GET"]}}],"collection":[{"href":"https:\/\/unisonoticias.uniso.br\/index.php\/wp-json\/wp\/v2\/posts"}],"about":[{"href":"https:\/\/unisonoticias.uniso.br\/index.php\/wp-json\/wp\/v2\/types\/post"}],"author":[{"embeddable":true,"href":"https:\/\/unisonoticias.uniso.br\/index.php\/wp-json\/wp\/v2\/users\/5"}],"replies":[{"embeddable":true,"href":"https:\/\/unisonoticias.uniso.br\/index.php\/wp-json\/wp\/v2\/comments?post=13597"}],"version-history":[{"count":1,"href":"https:\/\/unisonoticias.uniso.br\/index.php\/wp-json\/wp\/v2\/posts\/13597\/revisions"}],"predecessor-version":[{"id":13599,"href":"https:\/\/unisonoticias.uniso.br\/index.php\/wp-json\/wp\/v2\/posts\/13597\/revisions\/13599"}],"wp:attachment":[{"href":"https:\/\/unisonoticias.uniso.br\/index.php\/wp-json\/wp\/v2\/media?parent=13597"}],"wp:term":[{"taxonomy":"category","embeddable":true,"href":"https:\/\/unisonoticias.uniso.br\/index.php\/wp-json\/wp\/v2\/categories?post=13597"},{"taxonomy":"post_tag","embeddable":true,"href":"https:\/\/unisonoticias.uniso.br\/index.php\/wp-json\/wp\/v2\/tags?post=13597"}],"curies":[{"name":"wp","href":"https:\/\/api.w.org\/{rel}","templated":true}]}}